{"id":996,"date":"2019-05-22T14:44:07","date_gmt":"2019-05-22T13:44:07","guid":{"rendered":"https:\/\/www.love-you.eu\/post\/wir-brauchen-einen-europaischen-nachhaltigkeitspakt\/"},"modified":"2020-03-20T23:26:22","modified_gmt":"2020-03-20T23:26:22","slug":"wir-brauchen-einen-europaischen-nachhaltigkeitspakt","status":"publish","type":"post","link":"https:\/\/www.love-you.eu\/de\/post\/wir-brauchen-einen-europaischen-nachhaltigkeitspakt\/","title":{"rendered":"Wir brauchen einen europ\u00e4ischen Nachhaltigkeitspakt"},"content":{"rendered":"<div class=\"wp-block-image\"><figure class=\"alignleft\"><img loading=\"lazy\" decoding=\"async\" width=\"208\" height=\"300\" src=\"https:\/\/www.love-you.eu\/wp-content\/uploads\/2019\/05\/portrait-hanna-simons-wwf-austria-208x300.jpg\" alt=\"\" class=\"wp-image-991\" srcset=\"https:\/\/www.love-you.eu\/wp-content\/uploads\/2019\/05\/portrait-hanna-simons-wwf-austria-208x300.jpg 208w, https:\/\/www.love-you.eu\/wp-content\/uploads\/2019\/05\/portrait-hanna-simons-wwf-austria-416x599.jpg 416w, https:\/\/www.love-you.eu\/wp-content\/uploads\/2019\/05\/portrait-hanna-simons-wwf-austria.jpg 450w\" sizes=\"auto, (max-width: 208px) 100vw, 208px\" \/><\/figure><\/div><p>Wer ein sicheres und wettbewerbsf\u00e4higes Europa will, muss zuerst gegen die Klimakrise und die Umweltzerst\u00f6rung k\u00e4mpfen. Denn die Abh\u00e4ngigkeit von fossilen Ressourcen, die immer h\u00f6heren Kosten f\u00fcr die Bew\u00e4ltigung der Klimakrise, aber auch die Ratlosigkeit im Umgang mit Fluchtbewegungen, die mit den Folgen des Klimawandels zunehmen werden, gef\u00e4hrden die europ\u00e4ische Stabilit\u00e4t und Solidarit\u00e4t und schr\u00e4nken die Handlungsf\u00e4higkeit der EU ein. <\/p><p>Eine Vorreiterrolle Europas in der globalen Klima- und Umweltpolitik ist also unausweichlich. Nicht nur der Umwelt zuliebe, sondern auch um unseren Wohlstand langfristig zu sichern.<\/p><!--more--><p>Europa darf bei der unvermeidlichen Umstellung auf ein nachhaltiges Wirtschaftsmodell nicht den Anschluss verlieren. Es ist unverst\u00e4ndlich, dass amtierende und zuk\u00fcnftige SpitzenvertreterInnen der EU Klimaschutz immer noch als Luxus verstehen, den sich die Wirtschaft erst einmal leisten k\u00f6nnen muss. Viel weiter scheint wie so oft das Europ\u00e4ische Parlament, wenn es darum geht, die Interessen der ganzen Union statt jene der einflussreichen Lobbys zu vertreten. Ein starkes und selbstbewusstes EU-Parlament spielt daher eine Schl\u00fcsselrolle.<\/p><p>Unsere wirtschaftliche und politische Stabilit\u00e4t, die Schaffung von Arbeitspl\u00e4tzen und die globale Relevanz der EU h\u00e4ngen von einem nachhaltigen Systemwechsel ab. Daher muss die Europ\u00e4ische Union bis 2040 klimaneutral werden, 50 Prozent ihres Budgets in Klima- und Umweltschutz investieren sowie Kohle, \u00d6l und Gas ausbremsen. Zudem m\u00fcssen vorbildliche EU-Richtlinien &#8211; wie jene zum Wasser- und Naturschutz &#8211; von den Mitgliedsl\u00e4ndern endlich konsequenter erf\u00fcllt und ambitionierter umgesetzt werden. <\/p><p>Europa muss im Umweltschutz ein Vorreiter sein \u2013 auch, weil wir zu den Hauptverursachern der \u00f6kologischen Krise geh\u00f6ren. W\u00fcrden alle Menschen auf der Welt so leben wie in der Europ\u00e4ischen Union, h\u00e4tten wir heuer bereits am 10. Mai alle Ressourcen aufgebraucht, die unsere Erde in diesem Jahr nat\u00fcrlich zur Verf\u00fcgung stellen kann. Aber auf einem ausgebeuteten Planeten ist keine erfolgreiche Zukunft m\u00f6glich. Steigende Meeresspiegel und Wetterextreme, Konflikte um immer knappere nat\u00fcrliche Ressourcen sowie gesundheitliche Folgen der Umweltverschmutzung sind zentrale Probleme, die von den Mitgliedern der Europ\u00e4ischen Union entschlossen bek\u00e4mpft werden m\u00fcssen. Die Verantwortung daf\u00fcr darf nicht nur auf die Bev\u00f6lkerung abgew\u00e4lzt werden, symbolische Anreize und Sonntagsreden sind zu wenig.<\/p><p>Der WWF fordert einen europ\u00e4ischen Nachhaltigkeitspakt, der mehr Sicherheit und Wohlstand durch konkrete Ma\u00dfnahmen gegen Klimawandel und Umweltzerst\u00f6rung garantiert. Europa muss zu einer weltweit f\u00fchrenden nachhaltigen Wirtschaftsregion ausgebaut werden, um Lebensqualit\u00e4t und Arbeitspl\u00e4tze langfristig zu sichern. Ambitionierte Nachhaltigkeitsstandards sichern die globale Position Europas und f\u00fchren zu einer gr\u00f6\u00dferen strategischen Unabh\u00e4ngigkeit. Und es braucht institutionelle Reformen f\u00fcr eine klimafitte Politik in Parlament und Kommission: Ein\/e eigene\/r Vizepr\u00e4sidentIn der EU-Kommission muss f\u00fcr Klimaschutz und nat\u00fcrliche Ressourcen und f\u00fcr eine nachhaltige Trendwende in der europ\u00e4ischen Politik verantwortlich sein. Erderhitzung und Umweltzerst\u00f6rung beeinflussen schon l\u00e4ngst alle Bereiche des t\u00e4glichen Lebens und sind nicht mit dem bisherigen Schubladendenken zu bew\u00e4ltigen. Das Friedensprojekt Europa kann den Frieden nur dann nachhaltig sichern, wenn der Kampf f\u00fcr die Sicherung unseren Lebensgrundlagen oberste Priorit\u00e4t bekommt.<\/p><pre class=\"wp-block-verse\"><strong>Hanna Simons<\/strong>&#13;\nPolitologin&#13;\nLeiterin der Natur- und Umweltschutzabteilung und Stellvertretende Gesch\u00e4ftsf\u00fchrerin des WWF \u00d6sterreich.&#13;\nWeiterf\u00fchrende Informationen \u00fcber die Forderungen des WWF in Bezug auf umweltpolitische Herausforderungen der Europ\u00e4ischen Union, siehe <a href=\"https:\/\/www.wwf.at\/de\/menu1200\/subartikel4646\/\" target=\"_blank\" rel=\"noopener noreferrer\">Europawahl 2019: Ihre Stimme f\u00fcr die Natur<\/a>&#13;\n<div style=\"display: none;\"><\/div><\/pre>","protected":false},"excerpt":{"rendered":"<p>\u201eDie Europ\u00e4ische Union muss bis zum Jahr 2040 klimaneutral werden\u201c, sagt Hanna Simons, WWF Austria.<\/p>\n","protected":false},"author":1,"featured_media":992,"comment_status":"open","ping_status":"open","sticky":false,"template":"","format":"standard","meta":{"mc4wp_mailchimp_campaign":[],"footnotes":""},"categories":[89],"tags":[181,144,154],"class_list":["post-996","post","type-post","status-publish","format-standard","has-post-thumbnail","hentry","category-meinungen","tag-biodiversitaet","tag-klima","tag-nachhaltigkeit"],"yoast_head":"<!-- This site is optimized with the Yoast SEO plugin v25.2 - https:\/\/yoast.com\/wordpress\/plugins\/seo\/ -->\n<title>Wir brauchen einen europ\u00e4ischen Nachhaltigkeitspakt - #loveyouEU<\/title>\n<meta name=\"description\" content=\"Ein Nachhaltigkeitspakt w\u00fcrde zu einer gr\u00f6\u00dferen strategischen Unabh\u00e4ngigkeit der Europ\u00e4ischen Union f\u00fchren, sagt Hanna Simmons vom WWF Austria.\" \/>\n<meta name=\"robots\" content=\"index, follow, max-snippet:-1, max-image-preview:large, max-video-preview:-1\" \/>\n<link rel=\"canonical\" href=\"https:\/\/www.love-you.eu\/de\/post\/wir-brauchen-einen-europaischen-nachhaltigkeitspakt\/\" \/>\n<meta property=\"og:locale\" content=\"de_DE\" \/>\n<meta property=\"og:type\" content=\"article\" \/>\n<meta property=\"og:title\" content=\"Wir brauchen einen europ\u00e4ischen Nachhaltigkeitspakt - #loveyouEU\" \/>\n<meta property=\"og:description\" content=\"Ein Nachhaltigkeitspakt w\u00fcrde zu einer gr\u00f6\u00dferen strategischen Unabh\u00e4ngigkeit der Europ\u00e4ischen Union f\u00fchren, sagt Hanna Simmons vom WWF Austria.\" \/>\n<meta property=\"og:url\" content=\"https:\/\/www.love-you.eu\/de\/post\/wir-brauchen-einen-europaischen-nachhaltigkeitspakt\/\" \/>\n<meta property=\"og:site_name\" content=\"#loveyouEU\" \/>\n<meta property=\"article:publisher\" content=\"https:\/\/www.facebook.com\/embodyeurope\/\" \/>\n<meta property=\"article:published_time\" content=\"2019-05-22T13:44:07+00:00\" \/>\n<meta property=\"article:modified_time\" content=\"2020-03-20T23:26:22+00:00\" \/>\n<meta property=\"og:image\" content=\"https:\/\/www.love-you.eu\/wp-content\/uploads\/2019\/05\/Hanna-Simons-WWF-de.jpg\" \/>\n\t<meta property=\"og:image:width\" content=\"1200\" \/>\n\t<meta property=\"og:image:height\" content=\"628\" \/>\n\t<meta property=\"og:image:type\" content=\"image\/jpeg\" \/>\n<meta name=\"author\" content=\"Michael Voit\" \/>\n<meta name=\"twitter:card\" content=\"summary_large_image\" \/>\n<meta name=\"twitter:creator\" content=\"@loveyou_eu\" \/>\n<meta name=\"twitter:site\" content=\"@loveyou_eu\" \/>\n<meta name=\"twitter:label1\" content=\"Written by\" \/>\n\t<meta name=\"twitter:data1\" content=\"Michael Voit\" \/>\n\t<meta name=\"twitter:label2\" content=\"Est. reading time\" \/>\n\t<meta name=\"twitter:data2\" content=\"3 minutes\" \/>\n<script type=\"application\/ld+json\" class=\"yoast-schema-graph\">{\"@context\":\"https:\/\/schema.org\",\"@graph\":[{\"@type\":\"WebPage\",\"@id\":\"https:\/\/www.love-you.eu\/de\/post\/wir-brauchen-einen-europaischen-nachhaltigkeitspakt\/\",\"url\":\"https:\/\/www.love-you.eu\/de\/post\/wir-brauchen-einen-europaischen-nachhaltigkeitspakt\/\",\"name\":\"Wir brauchen einen europ\u00e4ischen Nachhaltigkeitspakt - #loveyouEU\",\"isPartOf\":{\"@id\":\"https:\/\/www.love-you.eu\/de\/#website\"},\"primaryImageOfPage\":{\"@id\":\"https:\/\/www.love-you.eu\/de\/post\/wir-brauchen-einen-europaischen-nachhaltigkeitspakt\/#primaryimage\"},\"image\":{\"@id\":\"https:\/\/www.love-you.eu\/de\/post\/wir-brauchen-einen-europaischen-nachhaltigkeitspakt\/#primaryimage\"},\"thumbnailUrl\":\"https:\/\/www.love-you.eu\/wp-content\/uploads\/2019\/05\/portrait-hanna-simons-wwf-austria.jpg\",\"datePublished\":\"2019-05-22T13:44:07+00:00\",\"dateModified\":\"2020-03-20T23:26:22+00:00\",\"author\":{\"@id\":\"https:\/\/www.love-you.eu\/de\/#\/schema\/person\/aa1987a6371ccc2f78f0557b081c91e6\"},\"description\":\"Ein Nachhaltigkeitspakt w\u00fcrde zu einer gr\u00f6\u00dferen strategischen Unabh\u00e4ngigkeit der Europ\u00e4ischen Union f\u00fchren, sagt Hanna Simmons vom WWF Austria.\",\"breadcrumb\":{\"@id\":\"https:\/\/www.love-you.eu\/de\/post\/wir-brauchen-einen-europaischen-nachhaltigkeitspakt\/#breadcrumb\"},\"inLanguage\":\"de-DE\",\"potentialAction\":[{\"@type\":\"ReadAction\",\"target\":[\"https:\/\/www.love-you.eu\/de\/post\/wir-brauchen-einen-europaischen-nachhaltigkeitspakt\/\"]}]},{\"@type\":\"ImageObject\",\"inLanguage\":\"de-DE\",\"@id\":\"https:\/\/www.love-you.eu\/de\/post\/wir-brauchen-einen-europaischen-nachhaltigkeitspakt\/#primaryimage\",\"url\":\"https:\/\/www.love-you.eu\/wp-content\/uploads\/2019\/05\/portrait-hanna-simons-wwf-austria.jpg\",\"contentUrl\":\"https:\/\/www.love-you.eu\/wp-content\/uploads\/2019\/05\/portrait-hanna-simons-wwf-austria.jpg\",\"width\":450,\"height\":648},{\"@type\":\"BreadcrumbList\",\"@id\":\"https:\/\/www.love-you.eu\/de\/post\/wir-brauchen-einen-europaischen-nachhaltigkeitspakt\/#breadcrumb\",\"itemListElement\":[{\"@type\":\"ListItem\",\"position\":1,\"name\":\"Home\",\"item\":\"https:\/\/www.love-you.eu\/de\/\"},{\"@type\":\"ListItem\",\"position\":2,\"name\":\"Wir brauchen einen europ\u00e4ischen Nachhaltigkeitspakt\"}]},{\"@type\":\"WebSite\",\"@id\":\"https:\/\/www.love-you.eu\/de\/#website\",\"url\":\"https:\/\/www.love-you.eu\/de\/\",\"name\":\"#loveyouEU\",\"description\":\"my future. my choice\",\"potentialAction\":[{\"@type\":\"SearchAction\",\"target\":{\"@type\":\"EntryPoint\",\"urlTemplate\":\"https:\/\/www.love-you.eu\/de\/?s={search_term_string}\"},\"query-input\":{\"@type\":\"PropertyValueSpecification\",\"valueRequired\":true,\"valueName\":\"search_term_string\"}}],\"inLanguage\":\"de-DE\"},{\"@type\":\"Person\",\"@id\":\"https:\/\/www.love-you.eu\/de\/#\/schema\/person\/aa1987a6371ccc2f78f0557b081c91e6\",\"name\":\"Michael Voit\",\"image\":{\"@type\":\"ImageObject\",\"inLanguage\":\"de-DE\",\"@id\":\"https:\/\/www.love-you.eu\/de\/#\/schema\/person\/image\/\",\"url\":\"https:\/\/secure.gravatar.com\/avatar\/11a92e3bc343451658e8e3a5fd653b8390295c8b222ef6f583814ea1ca4d7b29?s=96&d=mm&r=g\",\"contentUrl\":\"https:\/\/secure.gravatar.com\/avatar\/11a92e3bc343451658e8e3a5fd653b8390295c8b222ef6f583814ea1ca4d7b29?s=96&d=mm&r=g\",\"caption\":\"Michael Voit\"}}]}<\/script>\n<!-- \/ Yoast SEO plugin. -->","yoast_head_json":{"title":"Wir brauchen einen europ\u00e4ischen Nachhaltigkeitspakt - #loveyouEU","description":"Ein Nachhaltigkeitspakt w\u00fcrde zu einer gr\u00f6\u00dferen strategischen Unabh\u00e4ngigkeit der Europ\u00e4ischen Union f\u00fchren, sagt Hanna Simmons vom WWF Austria.","robots":{"index":"index","follow":"follow","max-snippet":"max-snippet:-1","max-image-preview":"max-image-preview:large","max-video-preview":"max-video-preview:-1"},"canonical":"https:\/\/www.love-you.eu\/de\/post\/wir-brauchen-einen-europaischen-nachhaltigkeitspakt\/","og_locale":"de_DE","og_type":"article","og_title":"Wir brauchen einen europ\u00e4ischen Nachhaltigkeitspakt - #loveyouEU","og_description":"Ein Nachhaltigkeitspakt w\u00fcrde zu einer gr\u00f6\u00dferen strategischen Unabh\u00e4ngigkeit der Europ\u00e4ischen Union f\u00fchren, sagt Hanna Simmons vom WWF Austria.","og_url":"https:\/\/www.love-you.eu\/de\/post\/wir-brauchen-einen-europaischen-nachhaltigkeitspakt\/","og_site_name":"#loveyouEU","article_publisher":"https:\/\/www.facebook.com\/embodyeurope\/","article_published_time":"2019-05-22T13:44:07+00:00","article_modified_time":"2020-03-20T23:26:22+00:00","og_image":[{"width":1200,"height":628,"url":"https:\/\/www.love-you.eu\/wp-content\/uploads\/2019\/05\/Hanna-Simons-WWF-de.jpg","type":"image\/jpeg"}],"author":"Michael Voit","twitter_card":"summary_large_image","twitter_creator":"@loveyou_eu","twitter_site":"@loveyou_eu","twitter_misc":{"Written by":"Michael Voit","Est. reading time":"3 minutes"},"schema":{"@context":"https:\/\/schema.org","@graph":[{"@type":"WebPage","@id":"https:\/\/www.love-you.eu\/de\/post\/wir-brauchen-einen-europaischen-nachhaltigkeitspakt\/","url":"https:\/\/www.love-you.eu\/de\/post\/wir-brauchen-einen-europaischen-nachhaltigkeitspakt\/","name":"Wir brauchen einen europ\u00e4ischen Nachhaltigkeitspakt - #loveyouEU","isPartOf":{"@id":"https:\/\/www.love-you.eu\/de\/#website"},"primaryImageOfPage":{"@id":"https:\/\/www.love-you.eu\/de\/post\/wir-brauchen-einen-europaischen-nachhaltigkeitspakt\/#primaryimage"},"image":{"@id":"https:\/\/www.love-you.eu\/de\/post\/wir-brauchen-einen-europaischen-nachhaltigkeitspakt\/#primaryimage"},"thumbnailUrl":"https:\/\/www.love-you.eu\/wp-content\/uploads\/2019\/05\/portrait-hanna-simons-wwf-austria.jpg","datePublished":"2019-05-22T13:44:07+00:00","dateModified":"2020-03-20T23:26:22+00:00","author":{"@id":"https:\/\/www.love-you.eu\/de\/#\/schema\/person\/aa1987a6371ccc2f78f0557b081c91e6"},"description":"Ein Nachhaltigkeitspakt w\u00fcrde zu einer gr\u00f6\u00dferen strategischen Unabh\u00e4ngigkeit der Europ\u00e4ischen Union f\u00fchren, sagt Hanna Simmons vom WWF Austria.","breadcrumb":{"@id":"https:\/\/www.love-you.eu\/de\/post\/wir-brauchen-einen-europaischen-nachhaltigkeitspakt\/#breadcrumb"},"inLanguage":"de-DE","potentialAction":[{"@type":"ReadAction","target":["https:\/\/www.love-you.eu\/de\/post\/wir-brauchen-einen-europaischen-nachhaltigkeitspakt\/"]}]},{"@type":"ImageObject","inLanguage":"de-DE","@id":"https:\/\/www.love-you.eu\/de\/post\/wir-brauchen-einen-europaischen-nachhaltigkeitspakt\/#primaryimage","url":"https:\/\/www.love-you.eu\/wp-content\/uploads\/2019\/05\/portrait-hanna-simons-wwf-austria.jpg","contentUrl":"https:\/\/www.love-you.eu\/wp-content\/uploads\/2019\/05\/portrait-hanna-simons-wwf-austria.jpg","width":450,"height":648},{"@type":"BreadcrumbList","@id":"https:\/\/www.love-you.eu\/de\/post\/wir-brauchen-einen-europaischen-nachhaltigkeitspakt\/#breadcrumb","itemListElement":[{"@type":"ListItem","position":1,"name":"Home","item":"https:\/\/www.love-you.eu\/de\/"},{"@type":"ListItem","position":2,"name":"Wir brauchen einen europ\u00e4ischen Nachhaltigkeitspakt"}]},{"@type":"WebSite","@id":"https:\/\/www.love-you.eu\/de\/#website","url":"https:\/\/www.love-you.eu\/de\/","name":"#loveyouEU","description":"my future. my choice","potentialAction":[{"@type":"SearchAction","target":{"@type":"EntryPoint","urlTemplate":"https:\/\/www.love-you.eu\/de\/?s={search_term_string}"},"query-input":{"@type":"PropertyValueSpecification","valueRequired":true,"valueName":"search_term_string"}}],"inLanguage":"de-DE"},{"@type":"Person","@id":"https:\/\/www.love-you.eu\/de\/#\/schema\/person\/aa1987a6371ccc2f78f0557b081c91e6","name":"Michael Voit","image":{"@type":"ImageObject","inLanguage":"de-DE","@id":"https:\/\/www.love-you.eu\/de\/#\/schema\/person\/image\/","url":"https:\/\/secure.gravatar.com\/avatar\/11a92e3bc343451658e8e3a5fd653b8390295c8b222ef6f583814ea1ca4d7b29?s=96&d=mm&r=g","contentUrl":"https:\/\/secure.gravatar.com\/avatar\/11a92e3bc343451658e8e3a5fd653b8390295c8b222ef6f583814ea1ca4d7b29?s=96&d=mm&r=g","caption":"Michael Voit"}}]}},"_links":{"self":[{"href":"https:\/\/www.love-you.eu\/de\/wp-json\/wp\/v2\/posts\/996","targetHints":{"allow":["GET"]}}],"collection":[{"href":"https:\/\/www.love-you.eu\/de\/wp-json\/wp\/v2\/posts"}],"about":[{"href":"https:\/\/www.love-you.eu\/de\/wp-json\/wp\/v2\/types\/post"}],"author":[{"embeddable":true,"href":"https:\/\/www.love-you.eu\/de\/wp-json\/wp\/v2\/users\/1"}],"replies":[{"embeddable":true,"href":"https:\/\/www.love-you.eu\/de\/wp-json\/wp\/v2\/comments?post=996"}],"version-history":[{"count":3,"href":"https:\/\/www.love-you.eu\/de\/wp-json\/wp\/v2\/posts\/996\/revisions"}],"predecessor-version":[{"id":1444,"href":"https:\/\/www.love-you.eu\/de\/wp-json\/wp\/v2\/posts\/996\/revisions\/1444"}],"wp:featuredmedia":[{"embeddable":true,"href":"https:\/\/www.love-you.eu\/de\/wp-json\/wp\/v2\/media\/992"}],"wp:attachment":[{"href":"https:\/\/www.love-you.eu\/de\/wp-json\/wp\/v2\/media?parent=996"}],"wp:term":[{"taxonomy":"category","embeddable":true,"href":"https:\/\/www.love-you.eu\/de\/wp-json\/wp\/v2\/categories?post=996"},{"taxonomy":"post_tag","embeddable":true,"href":"https:\/\/www.love-you.eu\/de\/wp-json\/wp\/v2\/tags?post=996"}],"curies":[{"name":"wp","href":"https:\/\/api.w.org\/{rel}","templated":true}]}}