{"id":416,"date":"2019-03-28T09:40:10","date_gmt":"2019-03-28T09:40:10","guid":{"rendered":"https:\/\/www.love-you.eu\/post\/ach-europa\/"},"modified":"2020-03-20T22:43:56","modified_gmt":"2020-03-20T22:43:56","slug":"ach-europa","status":"publish","type":"post","link":"https:\/\/www.love-you.eu\/de\/post\/ach-europa\/","title":{"rendered":"Ach Europa!"},"content":{"rendered":"<p>In meiner Kindheit gab es zwei Fernsehsendungen, die ich nie verpassen wollte: \u201eSpiel ohne Grenzen\u201c und \u201eEiner wird gewinnen\u201c. Das erste war eine Art Olympiade, in der Mannschaften aus verschiedenen europ\u00e4ischen St\u00e4dten gegeneinander antraten, das zweite eine Quizshow, wobei der Name der Sendung mit Absicht so gew\u00e4hlt worden war, dass die Abk\u00fcrzung \u201eEWG\u201c auch f\u00fcr die Europ\u00e4ische Wirtschaftsgemeinschaft stand. <\/p><p>Ob ich als Europ\u00e4er geboren wurde und deshalb diese Sendungen mochte oder ob ich unter dem Einfluss dieser beiden Unterhaltungsshows erst dazu wurde, kann ich nicht sagen. Aber was mich damals in seinen Bann schlug, wei\u00df ich noch sehr gut: Ich fand es toll, Menschen zu sehen und zu h\u00f6ren, die meiner Muttersprache die F\u00e4rbung ihrer Sprache gaben. Das machte sie zugleich fremd und liebenswert, exotisch und vertraut, fern und nah und vor allem: unendlich interessant. <\/p><!--more--><div class=\"wp-block-image\"><figure class=\"alignleft\"><img loading=\"lazy\" decoding=\"async\" width=\"200\" height=\"300\" src=\"https:\/\/www.love-you.eu\/wp-content\/uploads\/2019\/03\/Wolfram_Fleischhauer-200x300.jpg\" alt=\"\" class=\"wp-image-256\" srcset=\"https:\/\/www.love-you.eu\/wp-content\/uploads\/2019\/03\/Wolfram_Fleischhauer-200x300.jpg 200w, https:\/\/www.love-you.eu\/wp-content\/uploads\/2019\/03\/Wolfram_Fleischhauer-768x1152.jpg 768w, https:\/\/www.love-you.eu\/wp-content\/uploads\/2019\/03\/Wolfram_Fleischhauer-683x1024.jpg 683w, https:\/\/www.love-you.eu\/wp-content\/uploads\/2019\/03\/Wolfram_Fleischhauer-416x624.jpg 416w, https:\/\/www.love-you.eu\/wp-content\/uploads\/2019\/03\/Wolfram_Fleischhauer-485x728.jpg 485w\" sizes=\"auto, (max-width: 200px) 100vw, 200px\" \/><\/figure><\/div><p>Nat\u00fcrlich war ich auch begeistert von den verr\u00fcckten Wettk\u00e4mpfen, die sich die Spielemacher von \u201eSpiel ohne Grenzen\u201c immer wieder ausdachten. Und die Quizfragen von Hans Joachim Kulenkampff, oft inszeniert als kleine Theaterst\u00fcckchen, elektrisierten mich vermutlich deshalb, weil sie in mir etwas ausl\u00f6sten, was man heute vielleicht als Lust am Lernen bezeichnen w\u00fcrden. Der nachhaltigste Eindruck aber war, dass ich das Gef\u00fchl bekam, eine viel gr\u00f6\u00dfere Familie zu haben, als ich dachte. Das Fremde schien gar nicht fremd, und vor allem: Das Eigene wurde auf einmal auch anders, denn Herr Kulenkampff, der sympathische, deutsche Gentleman, tat in jeder Sendung etwas, das alle Klischees und Stereotypen des steifen, ordentlichen Deutschen durchbrach: Er \u00fcberzog immer die Sendezeit. Ein lockerer Deutscher, der sich nicht um die Regeln scherte. Das fand ich gro\u00dfartig!<\/p><p>Inzwischen habe ich fast f\u00fcnfundzwanzig Jahre als Dolmetscher f\u00fcr die europ\u00e4ischen Institutionen gearbeitet, und wenn ich an diese Zeit zur\u00fcckdenke, als der europ\u00e4ische Gedanke nicht nur im Fernsehen sondern auch in der Wirklichkeit ein reales Versprechen und eine sch\u00f6ne Utopie war, die niemand ernsthaft in Frage stellte, dann werde ich oft wehm\u00fctig \u2013 und manchmal w\u00fctend. <\/p><p>Immerhin hatte ich noch das Gl\u00fcck, unter Jacques Delors&#8217; Kommissionspr\u00e4sidentschaft arbeiten zu d\u00fcrfen, als die europ\u00e4ische Einigung innerhalb nur eines Jahrzehnts mit Siebenmeilenstiefeln voranschritt \u2013 als aus den europ\u00e4ischen Gemeinschaften erst eine Gemeinschaft und schlie\u00dflich eine Union wurde, aus sich gegenseitig blockierenden Zollgebieten ein einheitlicher Markt, aus hunderten verschiedenen Scheinen und M\u00fcnzen eine W\u00e4hrung.<\/p><p>Aber was geschah dann nur? Warum ist nach der Jahrtausendwende pl\u00f6tzlich alles steckengeblieben? Was ist aus dem sch\u00f6nen Nachkriegstraum geworden, dass die europ\u00e4ischen V\u00f6lker, die sich \u00fcber Jahrhunderte immer wieder gegenseitig mit Kriegen \u00fcberzogen haben, sich zusammentun? Nicht damit wir alle gleich werden, sondern damit wir nach innen und au\u00dfen gleichberechtigt wirtschaftlich und kulturell \u00fcberhaupt \u00fcberleben k\u00f6nnen?<\/p><p>Es d\u00fcrfte sich inzwischen bis in das letzte europ\u00e4ische Dorf herumgesprochen haben, dass das Zeitalter der Nationalstaaten vor etwa einem halben Jahrhundert zu Ende gegangen ist. Wann also wollen wir mit unserem \u201eSpiel ohne Grenzen\u201c denn endlich Ernst machen, es in die Wirklichkeit tragen, uns eine echte Verfassung geben, unser europ\u00e4isches Gemeinwesen auf eine solide, gemeinsame politische Grundlage stellen, die uns handlungsf\u00e4hig macht und endlich all das leisten und durchsetzen kann, was wir immer nur vollmundig verk\u00fcnden?<\/p><p>Auch \u201eEiner wird gewinnen\u201c ist heute kein Format f\u00fcr die Zukunft mehr. Wir Europ\u00e4er k\u00f6nnen die Zukunft nur gemeinsam gewinnen. Und wenn uns das nicht gelingt, dann werden wir zwischen zunehmend aggressiver und autorit\u00e4rer agierenden Bl\u00f6cken zerrieben, die sich allenfalls f\u00fcr unsere sch\u00f6nen Landschaften, Schl\u00f6sser, Kirchen und vielleicht noch ein paar Erfindungen interessieren, aber weder f\u00fcr unsere Vorstellungen von Demokratie, Rechtsstaatlichkeit und Menschenrechten, noch f\u00fcr Arbeitnehmerechte und sozialen Ausgleich, noch f\u00fcr verantwortungsvolles Wirtschaften und Nachhaltigkeit, und schon gar nicht f\u00fcr unsere kulturelle Freiheit, sprachliche Vielfalt und Unterschiedlichkeit.<\/p><p>All dies zu bewahren, auszubauen und zu verteidigen ist unsere gemeinsame Sache, unsere europ\u00e4ische res publica!<\/p><p>Worauf, um alles in der Welt, warten wir nur?<\/p><pre class=\"wp-block-verse\"><strong>Von Wolfram Fleischhauer, Schriftsteller und Dolmetscher<\/strong>&#13;\ngeboren in Karlsruhe, Deutschland <a href=\"http:\/\/www.wolfram-fleischhauer.com\">www.wolfram-fleischhauer.com<\/a>&#13;\nMit DAS MEER ver\u00f6ffentlichte Wolfram Fleischhauer einen Kultroman, der die Ausw\u00fcsche der internationalen Fischereiindustrie thematisiert. Er adressiert in seinem Roman auf geschickte Art und Weise Fragen, ob und wenn ja, wie die Europ\u00e4ischen Union bei all den nationalstaatlichen Interessen zu einer nachhaltigen Fischereipolitik gelangen kann.<\/pre>","protected":false},"excerpt":{"rendered":"<p>Gedanken und Ideen f\u00fcr Europa von Wolfram Fleischhauer<\/p>\n","protected":false},"author":2,"featured_media":452,"comment_status":"open","ping_status":"open","sticky":false,"template":"","format":"standard","meta":{"mc4wp_mailchimp_campaign":[],"footnotes":""},"categories":[89],"tags":[113,110,158,210,112,114],"class_list":["post-416","post","type-post","status-publish","format-standard","has-post-thumbnail","hentry","category-meinungen","tag-demokratie","tag-europa","tag-europaeische-union","tag-populismus","tag-spiel-ohne-grenzen","tag-wolfram-fleischhauer-de"],"yoast_head":"<!-- This site is optimized with the Yoast SEO plugin v25.2 - https:\/\/yoast.com\/wordpress\/plugins\/seo\/ -->\n<title>Wolfram Fleischhauer: Ach Europa! - ein Beitrag f\u00fcr #loveyouEU<\/title>\n<meta name=\"description\" content=\"Der Autor und Dolmetscher Wolfram Fleischhauer (DAS MEER) teilt seine Gedanken \u00fcber Europa, die EU und die verlangsamten Entwicklungen der letzten Jahre.\" \/>\n<meta name=\"robots\" content=\"index, follow, max-snippet:-1, max-image-preview:large, max-video-preview:-1\" \/>\n<link rel=\"canonical\" href=\"https:\/\/www.love-you.eu\/de\/post\/ach-europa\/\" \/>\n<meta property=\"og:locale\" content=\"de_DE\" \/>\n<meta property=\"og:type\" content=\"article\" \/>\n<meta property=\"og:title\" content=\"Wolfram Fleischhauer: Ach Europa! - ein Beitrag f\u00fcr #loveyouEU\" \/>\n<meta property=\"og:description\" content=\"Der Autor und Dolmetscher Wolfram Fleischhauer (DAS MEER) teilt seine Gedanken \u00fcber Europa, die EU und die verlangsamten Entwicklungen der letzten Jahre.\" \/>\n<meta property=\"og:url\" content=\"https:\/\/www.love-you.eu\/de\/post\/ach-europa\/\" \/>\n<meta property=\"og:site_name\" content=\"#loveyouEU\" \/>\n<meta property=\"article:publisher\" content=\"https:\/\/www.facebook.com\/embodyeurope\/\" \/>\n<meta property=\"article:published_time\" content=\"2019-03-28T09:40:10+00:00\" \/>\n<meta property=\"article:modified_time\" content=\"2020-03-20T22:43:56+00:00\" \/>\n<meta property=\"og:image\" content=\"https:\/\/www.love-you.eu\/wp-content\/uploads\/2019\/03\/Social-Media-Vorschaubild-Fleischhauer-deutsch-Kopie.jpg\" \/>\n\t<meta property=\"og:image:width\" content=\"1200\" \/>\n\t<meta property=\"og:image:height\" content=\"628\" \/>\n\t<meta property=\"og:image:type\" content=\"image\/jpeg\" \/>\n<meta name=\"author\" content=\"Nicolas Entrup\" \/>\n<meta name=\"twitter:card\" content=\"summary_large_image\" \/>\n<meta name=\"twitter:creator\" content=\"@loveyou_eu\" \/>\n<meta name=\"twitter:site\" content=\"@loveyou_eu\" \/>\n<meta name=\"twitter:label1\" content=\"Written by\" \/>\n\t<meta name=\"twitter:data1\" content=\"Nicolas Entrup\" \/>\n\t<meta name=\"twitter:label2\" content=\"Est. reading time\" \/>\n\t<meta name=\"twitter:data2\" content=\"4 minutes\" \/>\n<script type=\"application\/ld+json\" class=\"yoast-schema-graph\">{\"@context\":\"https:\/\/schema.org\",\"@graph\":[{\"@type\":\"WebPage\",\"@id\":\"https:\/\/www.love-you.eu\/de\/post\/ach-europa\/\",\"url\":\"https:\/\/www.love-you.eu\/de\/post\/ach-europa\/\",\"name\":\"Wolfram Fleischhauer: Ach Europa! - ein Beitrag f\u00fcr #loveyouEU\",\"isPartOf\":{\"@id\":\"https:\/\/www.love-you.eu\/de\/#website\"},\"primaryImageOfPage\":{\"@id\":\"https:\/\/www.love-you.eu\/de\/post\/ach-europa\/#primaryimage\"},\"image\":{\"@id\":\"https:\/\/www.love-you.eu\/de\/post\/ach-europa\/#primaryimage\"},\"thumbnailUrl\":\"https:\/\/www.love-you.eu\/wp-content\/uploads\/2019\/03\/Wolfram_Fleischhauer.jpg\",\"datePublished\":\"2019-03-28T09:40:10+00:00\",\"dateModified\":\"2020-03-20T22:43:56+00:00\",\"author\":{\"@id\":\"https:\/\/www.love-you.eu\/de\/#\/schema\/person\/40e44293d4484c9ce561519de102571a\"},\"description\":\"Der Autor und Dolmetscher Wolfram Fleischhauer (DAS MEER) teilt seine Gedanken \u00fcber Europa, die EU und die verlangsamten Entwicklungen der letzten Jahre.\",\"breadcrumb\":{\"@id\":\"https:\/\/www.love-you.eu\/de\/post\/ach-europa\/#breadcrumb\"},\"inLanguage\":\"de-DE\",\"potentialAction\":[{\"@type\":\"ReadAction\",\"target\":[\"https:\/\/www.love-you.eu\/de\/post\/ach-europa\/\"]}]},{\"@type\":\"ImageObject\",\"inLanguage\":\"de-DE\",\"@id\":\"https:\/\/www.love-you.eu\/de\/post\/ach-europa\/#primaryimage\",\"url\":\"https:\/\/www.love-you.eu\/wp-content\/uploads\/2019\/03\/Wolfram_Fleischhauer.jpg\",\"contentUrl\":\"https:\/\/www.love-you.eu\/wp-content\/uploads\/2019\/03\/Wolfram_Fleischhauer.jpg\",\"width\":3744,\"height\":5616},{\"@type\":\"BreadcrumbList\",\"@id\":\"https:\/\/www.love-you.eu\/de\/post\/ach-europa\/#breadcrumb\",\"itemListElement\":[{\"@type\":\"ListItem\",\"position\":1,\"name\":\"Home\",\"item\":\"https:\/\/www.love-you.eu\/de\/\"},{\"@type\":\"ListItem\",\"position\":2,\"name\":\"Ach Europa!\"}]},{\"@type\":\"WebSite\",\"@id\":\"https:\/\/www.love-you.eu\/de\/#website\",\"url\":\"https:\/\/www.love-you.eu\/de\/\",\"name\":\"#loveyouEU\",\"description\":\"my future. my choice\",\"potentialAction\":[{\"@type\":\"SearchAction\",\"target\":{\"@type\":\"EntryPoint\",\"urlTemplate\":\"https:\/\/www.love-you.eu\/de\/?s={search_term_string}\"},\"query-input\":{\"@type\":\"PropertyValueSpecification\",\"valueRequired\":true,\"valueName\":\"search_term_string\"}}],\"inLanguage\":\"de-DE\"},{\"@type\":\"Person\",\"@id\":\"https:\/\/www.love-you.eu\/de\/#\/schema\/person\/40e44293d4484c9ce561519de102571a\",\"name\":\"Nicolas Entrup\",\"image\":{\"@type\":\"ImageObject\",\"inLanguage\":\"de-DE\",\"@id\":\"https:\/\/www.love-you.eu\/de\/#\/schema\/person\/image\/\",\"url\":\"https:\/\/secure.gravatar.com\/avatar\/01affbdb1a44fa31be518e3d5acfadade81379e9afb49ff8ffa9f3cd3f52ec81?s=96&d=mm&r=g\",\"contentUrl\":\"https:\/\/secure.gravatar.com\/avatar\/01affbdb1a44fa31be518e3d5acfadade81379e9afb49ff8ffa9f3cd3f52ec81?s=96&d=mm&r=g\",\"caption\":\"Nicolas Entrup\"},\"sameAs\":[\"http:\/\/Nicolas\"]}]}<\/script>\n<!-- \/ Yoast SEO plugin. -->","yoast_head_json":{"title":"Wolfram Fleischhauer: Ach Europa! - ein Beitrag f\u00fcr #loveyouEU","description":"Der Autor und Dolmetscher Wolfram Fleischhauer (DAS MEER) teilt seine Gedanken \u00fcber Europa, die EU und die verlangsamten Entwicklungen der letzten Jahre.","robots":{"index":"index","follow":"follow","max-snippet":"max-snippet:-1","max-image-preview":"max-image-preview:large","max-video-preview":"max-video-preview:-1"},"canonical":"https:\/\/www.love-you.eu\/de\/post\/ach-europa\/","og_locale":"de_DE","og_type":"article","og_title":"Wolfram Fleischhauer: Ach Europa! - ein Beitrag f\u00fcr #loveyouEU","og_description":"Der Autor und Dolmetscher Wolfram Fleischhauer (DAS MEER) teilt seine Gedanken \u00fcber Europa, die EU und die verlangsamten Entwicklungen der letzten Jahre.","og_url":"https:\/\/www.love-you.eu\/de\/post\/ach-europa\/","og_site_name":"#loveyouEU","article_publisher":"https:\/\/www.facebook.com\/embodyeurope\/","article_published_time":"2019-03-28T09:40:10+00:00","article_modified_time":"2020-03-20T22:43:56+00:00","og_image":[{"width":1200,"height":628,"url":"https:\/\/www.love-you.eu\/wp-content\/uploads\/2019\/03\/Social-Media-Vorschaubild-Fleischhauer-deutsch-Kopie.jpg","type":"image\/jpeg"}],"author":"Nicolas Entrup","twitter_card":"summary_large_image","twitter_creator":"@loveyou_eu","twitter_site":"@loveyou_eu","twitter_misc":{"Written by":"Nicolas Entrup","Est. reading time":"4 minutes"},"schema":{"@context":"https:\/\/schema.org","@graph":[{"@type":"WebPage","@id":"https:\/\/www.love-you.eu\/de\/post\/ach-europa\/","url":"https:\/\/www.love-you.eu\/de\/post\/ach-europa\/","name":"Wolfram Fleischhauer: Ach Europa! - ein Beitrag f\u00fcr #loveyouEU","isPartOf":{"@id":"https:\/\/www.love-you.eu\/de\/#website"},"primaryImageOfPage":{"@id":"https:\/\/www.love-you.eu\/de\/post\/ach-europa\/#primaryimage"},"image":{"@id":"https:\/\/www.love-you.eu\/de\/post\/ach-europa\/#primaryimage"},"thumbnailUrl":"https:\/\/www.love-you.eu\/wp-content\/uploads\/2019\/03\/Wolfram_Fleischhauer.jpg","datePublished":"2019-03-28T09:40:10+00:00","dateModified":"2020-03-20T22:43:56+00:00","author":{"@id":"https:\/\/www.love-you.eu\/de\/#\/schema\/person\/40e44293d4484c9ce561519de102571a"},"description":"Der Autor und Dolmetscher Wolfram Fleischhauer (DAS MEER) teilt seine Gedanken \u00fcber Europa, die EU und die verlangsamten Entwicklungen der letzten Jahre.","breadcrumb":{"@id":"https:\/\/www.love-you.eu\/de\/post\/ach-europa\/#breadcrumb"},"inLanguage":"de-DE","potentialAction":[{"@type":"ReadAction","target":["https:\/\/www.love-you.eu\/de\/post\/ach-europa\/"]}]},{"@type":"ImageObject","inLanguage":"de-DE","@id":"https:\/\/www.love-you.eu\/de\/post\/ach-europa\/#primaryimage","url":"https:\/\/www.love-you.eu\/wp-content\/uploads\/2019\/03\/Wolfram_Fleischhauer.jpg","contentUrl":"https:\/\/www.love-you.eu\/wp-content\/uploads\/2019\/03\/Wolfram_Fleischhauer.jpg","width":3744,"height":5616},{"@type":"BreadcrumbList","@id":"https:\/\/www.love-you.eu\/de\/post\/ach-europa\/#breadcrumb","itemListElement":[{"@type":"ListItem","position":1,"name":"Home","item":"https:\/\/www.love-you.eu\/de\/"},{"@type":"ListItem","position":2,"name":"Ach Europa!"}]},{"@type":"WebSite","@id":"https:\/\/www.love-you.eu\/de\/#website","url":"https:\/\/www.love-you.eu\/de\/","name":"#loveyouEU","description":"my future. my choice","potentialAction":[{"@type":"SearchAction","target":{"@type":"EntryPoint","urlTemplate":"https:\/\/www.love-you.eu\/de\/?s={search_term_string}"},"query-input":{"@type":"PropertyValueSpecification","valueRequired":true,"valueName":"search_term_string"}}],"inLanguage":"de-DE"},{"@type":"Person","@id":"https:\/\/www.love-you.eu\/de\/#\/schema\/person\/40e44293d4484c9ce561519de102571a","name":"Nicolas Entrup","image":{"@type":"ImageObject","inLanguage":"de-DE","@id":"https:\/\/www.love-you.eu\/de\/#\/schema\/person\/image\/","url":"https:\/\/secure.gravatar.com\/avatar\/01affbdb1a44fa31be518e3d5acfadade81379e9afb49ff8ffa9f3cd3f52ec81?s=96&d=mm&r=g","contentUrl":"https:\/\/secure.gravatar.com\/avatar\/01affbdb1a44fa31be518e3d5acfadade81379e9afb49ff8ffa9f3cd3f52ec81?s=96&d=mm&r=g","caption":"Nicolas Entrup"},"sameAs":["http:\/\/Nicolas"]}]}},"_links":{"self":[{"href":"https:\/\/www.love-you.eu\/de\/wp-json\/wp\/v2\/posts\/416","targetHints":{"allow":["GET"]}}],"collection":[{"href":"https:\/\/www.love-you.eu\/de\/wp-json\/wp\/v2\/posts"}],"about":[{"href":"https:\/\/www.love-you.eu\/de\/wp-json\/wp\/v2\/types\/post"}],"author":[{"embeddable":true,"href":"https:\/\/www.love-you.eu\/de\/wp-json\/wp\/v2\/users\/2"}],"replies":[{"embeddable":true,"href":"https:\/\/www.love-you.eu\/de\/wp-json\/wp\/v2\/comments?post=416"}],"version-history":[{"count":5,"href":"https:\/\/www.love-you.eu\/de\/wp-json\/wp\/v2\/posts\/416\/revisions"}],"predecessor-version":[{"id":1437,"href":"https:\/\/www.love-you.eu\/de\/wp-json\/wp\/v2\/posts\/416\/revisions\/1437"}],"wp:featuredmedia":[{"embeddable":true,"href":"https:\/\/www.love-you.eu\/de\/wp-json\/wp\/v2\/media\/452"}],"wp:attachment":[{"href":"https:\/\/www.love-you.eu\/de\/wp-json\/wp\/v2\/media?parent=416"}],"wp:term":[{"taxonomy":"category","embeddable":true,"href":"https:\/\/www.love-you.eu\/de\/wp-json\/wp\/v2\/categories?post=416"},{"taxonomy":"post_tag","embeddable":true,"href":"https:\/\/www.love-you.eu\/de\/wp-json\/wp\/v2\/tags?post=416"}],"curies":[{"name":"wp","href":"https:\/\/api.w.org\/{rel}","templated":true}]}}