{"id":414,"date":"2019-03-22T16:18:46","date_gmt":"2019-03-22T16:18:46","guid":{"rendered":"https:\/\/www.love-you.eu\/post\/vision-eines-vereinten-europas\/"},"modified":"2020-03-20T22:42:33","modified_gmt":"2020-03-20T22:42:33","slug":"vision-eines-vereinten-europas","status":"publish","type":"post","link":"https:\/\/www.love-you.eu\/de\/post\/vision-eines-vereinten-europas\/","title":{"rendered":"Vision eines vereinten Europas"},"content":{"rendered":"<p>Mit Ende des zweiten Weltkrieges endet in einem gro\u00dfen Teil Europas eine Geschichte zahlreicher Kriege und Zerst\u00f6rungen. Mit vielen Schwierigkeiten und Spannungen verbunden, wie z.B. in der Zeit des Kalten Krieges, folgt eine Epoche der Vers\u00f6hnung. Die Europ\u00e4ische Union entsteht und vereint Staaten, die sich jahrzehnte- und jahrhundertelang \u00fcberwiegend feindlich gegen\u00fcbergestanden waren. <\/p><p>Doch mehr als 60 Jahre nach der Unterzeichnung der R\u00f6mischen Vertr\u00e4ge und wenige Jahre nach der Verleihung des Friedensnobelpreises im Jahr 2012 befindet sich dieses Friedens- und Wohlstandsprojekt in existenzieller Gefahr. Nationalistische und populistische Str\u00f6mungen r\u00fctteln am Fundament eines vereinten Europas, verhindern Entscheidungen im Interesse der Gemeinschaft und machen die Europ\u00e4ische Union undifferenziert zum S\u00fcndenbock in nahezu allen gesellschaftspolitischen Bereichen.<\/p><!--more--><p>Die Antwort darauf kann nicht eine Schw\u00e4chung oder gar Zerst\u00f6rung der Union der europ\u00e4ischen Staaten sein, die u.a. f\u00fcr die l\u00e4ngste Friedensperiode in der Geschichte Westeuropas gesorgt und eine ma\u00dfgebliche St\u00e4rkung der B\u00fcrgerrechte auf den Weg gebracht hat. Vielmehr sollten wir unsere Bem\u00fchungen darauf richten, die Union weiterzuentwickeln, ihre Schwachstellen zu beheben und ihre positiven Seiten zu st\u00e4rken. Die Europ\u00e4ische Union war nie perfekt und wird nie perfekt sein \u2013 sie ist ein sich stets ver\u00e4nderndes Projekt, das wir alle mitzugestalten haben.<\/p><div class=\"wp-block-image\"><figure class=\"alignleft\"><img loading=\"lazy\" decoding=\"async\" width=\"200\" height=\"300\" src=\"https:\/\/www.love-you.eu\/wp-content\/uploads\/2019\/03\/1102_3-200x300.jpg\" alt=\"\" class=\"wp-image-222\"\/><figcaption>Michael and Niki auf ihrer <a href=\"https:\/\/www.love-you.eu\/de\/post\/britain-we-love-you\/\">Britain, We\u2026 LOVE YOU Aktion<\/a>.<\/figcaption><\/figure><\/div><p>Stellen wir dem Mangel an Einigkeit, b\u00fcrokratischer Schwerf\u00e4lligkeit, dem Demokratiedefizit mancher Nationalstaaten, Lobby- und Eigeninteressen multinationaler Konzerne und ungen\u00fcgender Transparenz eine Vision gegen\u00fcber, die es zu sch\u00fctzen gilt: an eine gemeinsame Zukunft von Menschen in einem geeinten Europa zu glauben und diese selbst mitzugestalten.<\/p><p>Die Initiative #loveyouEU l\u00e4dt alle Menschen, egal welcher Herkunft ein, ihrer pro europ\u00e4ischen Grundeinstellung Ausdruck zu verleihen, diese zu kommunizieren und nach au\u00dfen zu tragen. Sei Teil der Vermittlung eines pro europ\u00e4ischen Lebensgef\u00fchls. F\u00fcr uns basiert die Initiative auf den folgenden Prinzipien:&#13;\n&#13;\nBekenntnis zu einem friedlichen, gemeinsamen Europa unter Verteidigung der europ\u00e4ischen Grundrechtecharta<\/p><p>Weiterentwicklung der Europ\u00e4ischen Union zu einer Wertegemeinschaft, basierend auf der europ\u00e4ischen Grundrechtscharta und zu einer Sozialunion.<\/p><p>Bekenntnis zu und F\u00f6rderung des sozialen Friedens innerhalb der EU, sowie zwischen der EU, ihren Mitgliedsstaaten und anderen Regionen dieser Welt, des Schutzes von Umwelt und Tieren, sowie der Erreichung der nachhaltigen Entwicklungsziele (SDGs) der Vereinten Nationen.<\/p><p>F\u00f6rderung der Transparenz und Beteiligung der Zivilgesellschaft an politischen Entscheidungsprozessen zur Steigerung der demokratischen Partizipation. <\/p><p>Leben wir Europa, beteiligen wir uns an den Entscheidungsprozessen durch unsere aktive Teilnahme an der Demokratie, an Wahlen, dem Schutz unserer Umwelt und von Tieren und vor allem der Verteidigung der europ\u00e4ischen Grundrechte.<\/p><p>Nicolas &amp; Michael&#13;\n<em>Initiatoren der Initiative #loveyouEU<\/em><\/p><div class=\"wp-block-image\"><figure class=\"aligncenter\"><img loading=\"lazy\" decoding=\"async\" width=\"1024\" height=\"536\" src=\"https:\/\/www.love-you.eu\/wp-content\/uploads\/2019\/03\/love-you-team-1024x536.jpg\" alt=\"\" class=\"wp-image-251\" srcset=\"https:\/\/www.love-you.eu\/wp-content\/uploads\/2019\/03\/love-you-team-1024x536.jpg 1024w, https:\/\/www.love-you.eu\/wp-content\/uploads\/2019\/03\/love-you-team-300x157.jpg 300w, https:\/\/www.love-you.eu\/wp-content\/uploads\/2019\/03\/love-you-team-768x402.jpg 768w, https:\/\/www.love-you.eu\/wp-content\/uploads\/2019\/03\/love-you-team-416x218.jpg 416w, https:\/\/www.love-you.eu\/wp-content\/uploads\/2019\/03\/love-you-team-485x254.jpg 485w, https:\/\/www.love-you.eu\/wp-content\/uploads\/2019\/03\/love-you-team.jpg 1200w\" sizes=\"auto, (max-width: 1024px) 100vw, 1024px\" \/><\/figure><\/div>","protected":false},"excerpt":{"rendered":"<p>Unsere Ideen f\u00fcr ein transparentes, wertebasiertes und von uns allen vorangebrachtes Europa.<\/p>\n","protected":false},"author":1,"featured_media":451,"comment_status":"open","ping_status":"open","sticky":false,"template":"","format":"standard","meta":{"mc4wp_mailchimp_campaign":[],"footnotes":""},"categories":[87],"tags":[208],"class_list":["post-414","post","type-post","status-publish","format-standard","has-post-thumbnail","hentry","category-love-you-de","tag-eu-wahlen-2019"],"yoast_head":"<!-- This site is optimized with the Yoast SEO plugin v25.2 - https:\/\/yoast.com\/wordpress\/plugins\/seo\/ -->\n<title>Unsere Vision eines vereinten Europas - #loveyouEU<\/title>\n<meta name=\"description\" content=\"Unsere Ideen f\u00fcr ein transparentes, wertebasiertes und von uns allen vorangebrachtes Europa. Schlie\u00dfen wir uns zusammen!\" \/>\n<meta name=\"robots\" content=\"index, follow, max-snippet:-1, max-image-preview:large, max-video-preview:-1\" \/>\n<link rel=\"canonical\" href=\"https:\/\/www.love-you.eu\/de\/post\/vision-eines-vereinten-europas\/\" \/>\n<meta property=\"og:locale\" content=\"de_DE\" \/>\n<meta property=\"og:type\" content=\"article\" \/>\n<meta property=\"og:title\" content=\"Unsere Vision eines vereinten Europas - #loveyouEU\" \/>\n<meta property=\"og:description\" content=\"Unsere Ideen f\u00fcr ein transparentes, wertebasiertes und von uns allen vorangebrachtes Europa.\" \/>\n<meta property=\"og:url\" content=\"https:\/\/www.love-you.eu\/de\/post\/vision-eines-vereinten-europas\/\" \/>\n<meta property=\"og:site_name\" content=\"#loveyouEU\" \/>\n<meta property=\"article:publisher\" content=\"https:\/\/www.facebook.com\/embodyeurope\/\" \/>\n<meta property=\"article:published_time\" content=\"2019-03-22T16:18:46+00:00\" \/>\n<meta property=\"article:modified_time\" content=\"2020-03-20T22:42:33+00:00\" \/>\n<meta property=\"og:image\" content=\"https:\/\/www.love-you.eu\/wp-content\/uploads\/2019\/03\/love-you-team.jpg\" \/>\n\t<meta property=\"og:image:width\" content=\"1200\" \/>\n\t<meta property=\"og:image:height\" content=\"628\" \/>\n\t<meta property=\"og:image:type\" content=\"image\/jpeg\" \/>\n<meta name=\"author\" content=\"Michael Voit\" \/>\n<meta name=\"twitter:card\" content=\"summary_large_image\" \/>\n<meta name=\"twitter:image\" content=\"https:\/\/www.love-you.eu\/wp-content\/uploads\/2019\/03\/love-you-team.jpg\" \/>\n<meta name=\"twitter:creator\" content=\"@loveyou_eu\" \/>\n<meta name=\"twitter:site\" content=\"@loveyou_eu\" \/>\n<meta name=\"twitter:label1\" content=\"Written by\" \/>\n\t<meta name=\"twitter:data1\" content=\"Michael Voit\" \/>\n\t<meta name=\"twitter:label2\" content=\"Est. reading time\" \/>\n\t<meta name=\"twitter:data2\" content=\"2 minutes\" \/>\n<script type=\"application\/ld+json\" class=\"yoast-schema-graph\">{\"@context\":\"https:\/\/schema.org\",\"@graph\":[{\"@type\":\"WebPage\",\"@id\":\"https:\/\/www.love-you.eu\/de\/post\/vision-eines-vereinten-europas\/\",\"url\":\"https:\/\/www.love-you.eu\/de\/post\/vision-eines-vereinten-europas\/\",\"name\":\"Unsere Vision eines vereinten Europas - #loveyouEU\",\"isPartOf\":{\"@id\":\"https:\/\/www.love-you.eu\/de\/#website\"},\"primaryImageOfPage\":{\"@id\":\"https:\/\/www.love-you.eu\/de\/post\/vision-eines-vereinten-europas\/#primaryimage\"},\"image\":{\"@id\":\"https:\/\/www.love-you.eu\/de\/post\/vision-eines-vereinten-europas\/#primaryimage\"},\"thumbnailUrl\":\"https:\/\/www.love-you.eu\/wp-content\/uploads\/2019\/03\/dfb7b38d-dcc3-adae-b73d-d99e4680b1e5.jpg\",\"datePublished\":\"2019-03-22T16:18:46+00:00\",\"dateModified\":\"2020-03-20T22:42:33+00:00\",\"author\":{\"@id\":\"https:\/\/www.love-you.eu\/de\/#\/schema\/person\/aa1987a6371ccc2f78f0557b081c91e6\"},\"description\":\"Unsere Ideen f\u00fcr ein transparentes, wertebasiertes und von uns allen vorangebrachtes Europa. Schlie\u00dfen wir uns zusammen!\",\"breadcrumb\":{\"@id\":\"https:\/\/www.love-you.eu\/de\/post\/vision-eines-vereinten-europas\/#breadcrumb\"},\"inLanguage\":\"de-DE\",\"potentialAction\":[{\"@type\":\"ReadAction\",\"target\":[\"https:\/\/www.love-you.eu\/de\/post\/vision-eines-vereinten-europas\/\"]}]},{\"@type\":\"ImageObject\",\"inLanguage\":\"de-DE\",\"@id\":\"https:\/\/www.love-you.eu\/de\/post\/vision-eines-vereinten-europas\/#primaryimage\",\"url\":\"https:\/\/www.love-you.eu\/wp-content\/uploads\/2019\/03\/dfb7b38d-dcc3-adae-b73d-d99e4680b1e5.jpg\",\"contentUrl\":\"https:\/\/www.love-you.eu\/wp-content\/uploads\/2019\/03\/dfb7b38d-dcc3-adae-b73d-d99e4680b1e5.jpg\",\"width\":1000,\"height\":667},{\"@type\":\"BreadcrumbList\",\"@id\":\"https:\/\/www.love-you.eu\/de\/post\/vision-eines-vereinten-europas\/#breadcrumb\",\"itemListElement\":[{\"@type\":\"ListItem\",\"position\":1,\"name\":\"Home\",\"item\":\"https:\/\/www.love-you.eu\/de\/\"},{\"@type\":\"ListItem\",\"position\":2,\"name\":\"Vision eines vereinten Europas\"}]},{\"@type\":\"WebSite\",\"@id\":\"https:\/\/www.love-you.eu\/de\/#website\",\"url\":\"https:\/\/www.love-you.eu\/de\/\",\"name\":\"#loveyouEU\",\"description\":\"my future. my choice\",\"potentialAction\":[{\"@type\":\"SearchAction\",\"target\":{\"@type\":\"EntryPoint\",\"urlTemplate\":\"https:\/\/www.love-you.eu\/de\/?s={search_term_string}\"},\"query-input\":{\"@type\":\"PropertyValueSpecification\",\"valueRequired\":true,\"valueName\":\"search_term_string\"}}],\"inLanguage\":\"de-DE\"},{\"@type\":\"Person\",\"@id\":\"https:\/\/www.love-you.eu\/de\/#\/schema\/person\/aa1987a6371ccc2f78f0557b081c91e6\",\"name\":\"Michael Voit\",\"image\":{\"@type\":\"ImageObject\",\"inLanguage\":\"de-DE\",\"@id\":\"https:\/\/www.love-you.eu\/de\/#\/schema\/person\/image\/\",\"url\":\"https:\/\/secure.gravatar.com\/avatar\/11a92e3bc343451658e8e3a5fd653b8390295c8b222ef6f583814ea1ca4d7b29?s=96&d=mm&r=g\",\"contentUrl\":\"https:\/\/secure.gravatar.com\/avatar\/11a92e3bc343451658e8e3a5fd653b8390295c8b222ef6f583814ea1ca4d7b29?s=96&d=mm&r=g\",\"caption\":\"Michael Voit\"}}]}<\/script>\n<!-- \/ Yoast SEO plugin. -->","yoast_head_json":{"title":"Unsere Vision eines vereinten Europas - #loveyouEU","description":"Unsere Ideen f\u00fcr ein transparentes, wertebasiertes und von uns allen vorangebrachtes Europa. Schlie\u00dfen wir uns zusammen!","robots":{"index":"index","follow":"follow","max-snippet":"max-snippet:-1","max-image-preview":"max-image-preview:large","max-video-preview":"max-video-preview:-1"},"canonical":"https:\/\/www.love-you.eu\/de\/post\/vision-eines-vereinten-europas\/","og_locale":"de_DE","og_type":"article","og_title":"Unsere Vision eines vereinten Europas - #loveyouEU","og_description":"Unsere Ideen f\u00fcr ein transparentes, wertebasiertes und von uns allen vorangebrachtes Europa.","og_url":"https:\/\/www.love-you.eu\/de\/post\/vision-eines-vereinten-europas\/","og_site_name":"#loveyouEU","article_publisher":"https:\/\/www.facebook.com\/embodyeurope\/","article_published_time":"2019-03-22T16:18:46+00:00","article_modified_time":"2020-03-20T22:42:33+00:00","og_image":[{"width":1200,"height":628,"url":"https:\/\/www.love-you.eu\/wp-content\/uploads\/2019\/03\/love-you-team.jpg","type":"image\/jpeg"}],"author":"Michael Voit","twitter_card":"summary_large_image","twitter_image":"https:\/\/www.love-you.eu\/wp-content\/uploads\/2019\/03\/love-you-team.jpg","twitter_creator":"@loveyou_eu","twitter_site":"@loveyou_eu","twitter_misc":{"Written by":"Michael Voit","Est. reading time":"2 minutes"},"schema":{"@context":"https:\/\/schema.org","@graph":[{"@type":"WebPage","@id":"https:\/\/www.love-you.eu\/de\/post\/vision-eines-vereinten-europas\/","url":"https:\/\/www.love-you.eu\/de\/post\/vision-eines-vereinten-europas\/","name":"Unsere Vision eines vereinten Europas - #loveyouEU","isPartOf":{"@id":"https:\/\/www.love-you.eu\/de\/#website"},"primaryImageOfPage":{"@id":"https:\/\/www.love-you.eu\/de\/post\/vision-eines-vereinten-europas\/#primaryimage"},"image":{"@id":"https:\/\/www.love-you.eu\/de\/post\/vision-eines-vereinten-europas\/#primaryimage"},"thumbnailUrl":"https:\/\/www.love-you.eu\/wp-content\/uploads\/2019\/03\/dfb7b38d-dcc3-adae-b73d-d99e4680b1e5.jpg","datePublished":"2019-03-22T16:18:46+00:00","dateModified":"2020-03-20T22:42:33+00:00","author":{"@id":"https:\/\/www.love-you.eu\/de\/#\/schema\/person\/aa1987a6371ccc2f78f0557b081c91e6"},"description":"Unsere Ideen f\u00fcr ein transparentes, wertebasiertes und von uns allen vorangebrachtes Europa. Schlie\u00dfen wir uns zusammen!","breadcrumb":{"@id":"https:\/\/www.love-you.eu\/de\/post\/vision-eines-vereinten-europas\/#breadcrumb"},"inLanguage":"de-DE","potentialAction":[{"@type":"ReadAction","target":["https:\/\/www.love-you.eu\/de\/post\/vision-eines-vereinten-europas\/"]}]},{"@type":"ImageObject","inLanguage":"de-DE","@id":"https:\/\/www.love-you.eu\/de\/post\/vision-eines-vereinten-europas\/#primaryimage","url":"https:\/\/www.love-you.eu\/wp-content\/uploads\/2019\/03\/dfb7b38d-dcc3-adae-b73d-d99e4680b1e5.jpg","contentUrl":"https:\/\/www.love-you.eu\/wp-content\/uploads\/2019\/03\/dfb7b38d-dcc3-adae-b73d-d99e4680b1e5.jpg","width":1000,"height":667},{"@type":"BreadcrumbList","@id":"https:\/\/www.love-you.eu\/de\/post\/vision-eines-vereinten-europas\/#breadcrumb","itemListElement":[{"@type":"ListItem","position":1,"name":"Home","item":"https:\/\/www.love-you.eu\/de\/"},{"@type":"ListItem","position":2,"name":"Vision eines vereinten Europas"}]},{"@type":"WebSite","@id":"https:\/\/www.love-you.eu\/de\/#website","url":"https:\/\/www.love-you.eu\/de\/","name":"#loveyouEU","description":"my future. my choice","potentialAction":[{"@type":"SearchAction","target":{"@type":"EntryPoint","urlTemplate":"https:\/\/www.love-you.eu\/de\/?s={search_term_string}"},"query-input":{"@type":"PropertyValueSpecification","valueRequired":true,"valueName":"search_term_string"}}],"inLanguage":"de-DE"},{"@type":"Person","@id":"https:\/\/www.love-you.eu\/de\/#\/schema\/person\/aa1987a6371ccc2f78f0557b081c91e6","name":"Michael Voit","image":{"@type":"ImageObject","inLanguage":"de-DE","@id":"https:\/\/www.love-you.eu\/de\/#\/schema\/person\/image\/","url":"https:\/\/secure.gravatar.com\/avatar\/11a92e3bc343451658e8e3a5fd653b8390295c8b222ef6f583814ea1ca4d7b29?s=96&d=mm&r=g","contentUrl":"https:\/\/secure.gravatar.com\/avatar\/11a92e3bc343451658e8e3a5fd653b8390295c8b222ef6f583814ea1ca4d7b29?s=96&d=mm&r=g","caption":"Michael Voit"}}]}},"_links":{"self":[{"href":"https:\/\/www.love-you.eu\/de\/wp-json\/wp\/v2\/posts\/414","targetHints":{"allow":["GET"]}}],"collection":[{"href":"https:\/\/www.love-you.eu\/de\/wp-json\/wp\/v2\/posts"}],"about":[{"href":"https:\/\/www.love-you.eu\/de\/wp-json\/wp\/v2\/types\/post"}],"author":[{"embeddable":true,"href":"https:\/\/www.love-you.eu\/de\/wp-json\/wp\/v2\/users\/1"}],"replies":[{"embeddable":true,"href":"https:\/\/www.love-you.eu\/de\/wp-json\/wp\/v2\/comments?post=414"}],"version-history":[{"count":4,"href":"https:\/\/www.love-you.eu\/de\/wp-json\/wp\/v2\/posts\/414\/revisions"}],"predecessor-version":[{"id":1428,"href":"https:\/\/www.love-you.eu\/de\/wp-json\/wp\/v2\/posts\/414\/revisions\/1428"}],"wp:featuredmedia":[{"embeddable":true,"href":"https:\/\/www.love-you.eu\/de\/wp-json\/wp\/v2\/media\/451"}],"wp:attachment":[{"href":"https:\/\/www.love-you.eu\/de\/wp-json\/wp\/v2\/media?parent=414"}],"wp:term":[{"taxonomy":"category","embeddable":true,"href":"https:\/\/www.love-you.eu\/de\/wp-json\/wp\/v2\/categories?post=414"},{"taxonomy":"post_tag","embeddable":true,"href":"https:\/\/www.love-you.eu\/de\/wp-json\/wp\/v2\/tags?post=414"}],"curies":[{"name":"wp","href":"https:\/\/api.w.org\/{rel}","templated":true}]}}