{"id":1602,"date":"2020-05-12T14:33:11","date_gmt":"2020-05-12T13:33:11","guid":{"rendered":"https:\/\/www.love-you.eu\/?p=1602"},"modified":"2020-05-12T22:37:25","modified_gmt":"2020-05-12T21:37:25","slug":"die-reform-der-gemeinsamen-agrarpolitik-der-eu","status":"publish","type":"post","link":"https:\/\/www.love-you.eu\/de\/post\/die-reform-der-gemeinsamen-agrarpolitik-der-eu\/","title":{"rendered":"Kurs\u00e4nderung der EU-Agrarpolitik?"},"content":{"rendered":"<div class=\"wp-block-image\"><figure class=\"aligncenter\"><img loading=\"lazy\" decoding=\"async\" width=\"1024\" height=\"536\" src=\"https:\/\/www.love-you.eu\/wp-content\/uploads\/2020\/05\/landwirtschaft-eu-gap-1024x536.jpg\" alt=\"\" class=\"wp-image-1626\" srcset=\"https:\/\/www.love-you.eu\/wp-content\/uploads\/2020\/05\/landwirtschaft-eu-gap-1024x536.jpg 1024w, https:\/\/www.love-you.eu\/wp-content\/uploads\/2020\/05\/landwirtschaft-eu-gap-300x157.jpg 300w, https:\/\/www.love-you.eu\/wp-content\/uploads\/2020\/05\/landwirtschaft-eu-gap-768x402.jpg 768w, https:\/\/www.love-you.eu\/wp-content\/uploads\/2020\/05\/landwirtschaft-eu-gap-416x218.jpg 416w, https:\/\/www.love-you.eu\/wp-content\/uploads\/2020\/05\/landwirtschaft-eu-gap-485x254.jpg 485w, https:\/\/www.love-you.eu\/wp-content\/uploads\/2020\/05\/landwirtschaft-eu-gap.jpg 1200w\" sizes=\"auto, (max-width: 1024px) 100vw, 1024px\" \/><\/figure><\/div><p>Die Auswirkungen der Landwirtschaft auf Umwelt und Klima sind betr\u00e4chtlich. Innerhalb der Europ\u00e4ischen Union ist die Landwirtschaft nach dem Energiesektor (inkl. Transportwesen) und noch vor den industriellen Prozessen der <a href=\"https:\/\/www.europarl.europa.eu\/news\/de\/headlines\/society\/20180301STO98928\/treibhausgasemissionen-nach-landern-und-sektoren-infografik\">zweitgr\u00f6\u00dfte Treibhausgasemittent<\/a> und verbraucht \u00fcberm\u00e4\u00dfige Mengen an nat\u00fcrlichen Ressourcen.<\/p><p>Im Dezember 2019 stellte die EU-Kommissionspr\u00e4sidentin den <a href=\"https:\/\/ec.europa.eu\/info\/files\/communication-european-green-deal_en\">European Green Deal<\/a> (EGD) vor. Es ist sehr zu begr\u00fc\u00dfen, dass die Landwirtschaft in diesem, im Rahmen der \u201eFarm to Fork\u201c-Strategie, einen bedeutenden Platz einnimmt.<\/p><!--more--><h2 class=\"wp-block-heading\">Die Gemeinsame Agrarpolitik der EU<\/h2><p>Bisher bestimmte die Gemeinsame Agrarpolitik (GAP) den landwirtschaftlichen Kurs der EU. Sie stellt mit <a href=\"https:\/\/www.bund.net\/themen\/landwirtschaft\/eu-agrarpolitik\/\">rund 40 %<\/a> den zweitgr\u00f6\u00dften Posten im Haushalt der EU.<\/p><p>Die EU-Mitgliedstaaten verhandeln derzeit den <a href=\"https:\/\/www.love-you.eu\/de\/post\/egd-mal-was-neues-mitgliedstaaten-sind-sich-einig-uneinig-zu-sein\/\">Mehrj\u00e4hrigen\nFinanzrahmen<\/a> (MFR) f\u00fcr die Jahre 2021-2027. Entw\u00fcrfen zu Folge stehen der\nLandwirtschaft dabei erhebliche K\u00fcrzungen bevor: So macht der der\nLandwirtschaft gewidmete Haushalt zwar auch in Zukunft mit <a href=\"https:\/\/www.europarl.europa.eu\/factsheets\/de\/sheet\/113\/die-kunftige-gemeinsame-agrarpolitik-nach-2020\">28,5\n%<\/a> einen beachtlichen Teil des zuk\u00fcnftigen Gesamthaushalts aus \u2013 das sind\njedoch 15 % weniger als im vergangen MFR f\u00fcr die Jahre 2014-2020. Die K\u00fcrzungen\nsind neben dem Austritt des Vereinigten K\u00f6nigreichs als Nettozahler, auch der\nPriorit\u00e4tenverschiebung des Finanzierungsbedarfs der EU \u2013 Migration,\nAu\u00dfengrenzen, digitale Wirtschaft, Verkehr etc. r\u00fccken zunehmend in den\nVordergrund \u2013 geschuldet. <\/p><h3 class=\"wp-block-heading\">Eine kurze Einf\u00fchrung in die GAP<\/h3><p>Urspr\u00fcnglich unterst\u00fctzte die GAP\nLandwirtInnen \u00fcber Preisgarantien \u2013 heute beruht sie auf zwei \u201eS\u00e4ulen\u201c: Die\nerste betrifft Direktzahlungen an LandwirtInnen und eine gemeinsame\nMarktordnung f\u00fcr einzelne Agrarerzeugnisse. Seit 1999 wird die erste S\u00e4ule\ndurch eine zweite \u2013 die \u201eEntwicklung des l\u00e4ndlichen Raumes\u201c \u2013 erg\u00e4nzt, die vielf\u00e4ltige\nMa\u00dfnahmen im Bereich l\u00e4ndliche Entwicklung, Umwelt- und Klimaschutz beinhaltet.\n<\/p><p>Die Mittelvergabe in die beiden S\u00e4ulen ist\ndabei nicht ident. Etwa 80 % der gesamten Agrarf\u00f6rderung flie\u00dft in die erste\nS\u00e4ule, w\u00e4hrend auf die zweite etwa 20 % entfallen. Von den hohen Summen die in\ndie erste S\u00e4ule flie\u00dfen profitieren wiederum vor allem Gro\u00dfbetriebe.\nBeispielsweise gingen in Deutschland im Zeitraum zwischen 2014 und 2020 <a href=\"https:\/\/www.bund.net\/themen\/landwirtschaft\/eu-agrarpolitik\/\">dreiviertel\nder Direktzahlungen an 1,7 %<\/a> der Betriebe. <\/p><p>Zu behaupten, dem Umweltschutz zutr\u00e4gliche\nMa\u00dfnahmen w\u00e4ren nur in der zweiten S\u00e4ule enthalten, ist jedoch falsch.\nProgramme der ersten S\u00e4ule, wie beispielsweise h\u00f6here Pr\u00e4mien f\u00fcr fl\u00e4chenarme\nBetriebe, und gekoppelte Pr\u00e4mien f\u00fcr bestimmte Produkte, werden <a href=\"https:\/\/www.bund.net\/themen\/landwirtschaft\/eu-agrarpolitik\/\">aus der\nPerspektive des Umwelt- und Naturschutzes durchaus als sinnvoll erachtet<\/a>. <\/p><h3 class=\"wp-block-heading\">GAP Reformen: Dem Umweltschutz zutr\u00e4glich?<\/h3><p>Die positiven Effekte der im Jahr 2015\neingef\u00fchrten \u00d6kologisierung der Direktzahlung der ersten S\u00e4ule, auch als\n\u201eGreening\u201c bezeichnet, werden angezweifelt. Dem zufolge erhalten LandwirtInnen\n30 % ihrer Direktzahlungen (die Greening-Pr\u00e4mie) nur dann, wenn sie konkret\nzus\u00e4tzliche Umweltleistungen erbringen. In einer <a href=\"https:\/\/www.bertelsmann-stiftung.de\/de\/publikationen\/publikation\/did\/flashlight-europe-policy-brief-062017-the-eus-common-agricultural-policy-why-reform-is-overdue\/\">Studie\nder Bertelsmann-Stiftung<\/a> aus dem Jahr 2017 hei\u00dft es zum Greening: \u201eExperten\nsind sich einig, dass das Greening kaum zu einer wesentlichen Steigerung der\nBereitstellung von Umweltdienstleistungen durch die Landwirte f\u00fchren d\u00fcrfte.\u201d<\/p><p>Die GAP befindet sich also seit jeher im\nUmbruch. Derzeit wird der Vorschlag eines \u201eUmsetzungsmodells\u201c <a href=\"https:\/\/www.euractiv.de\/section\/landwirtschaft-und-ernahrung\/news\/gap-reform-mit-weniger-mitteln-mehr-erreichen\/\">diskutiert<\/a>.\nDabei w\u00fcrden die Mitgliedstaaten deutlich mehr Spielraum bei der Gestaltung\nihrer \u201eeigenen GAP\u201c erhalten. <\/p><p>W\u00e4hrend KritikerInnen anmerken, die GAP w\u00fcrde\nso \u201everstaatlicht\u201c, verweisen Bef\u00fcrworterInnen auf die damit einhergehende\nModernisierung und Vereinfachung. Den Mitgliedstaaten soll so Freiraum\ninnerhalb klarer Vorgaben einger\u00e4umt werden. Zielsetzung des Umsetzungsmodells\nmuss dabei sein, dass sich die nationalen Pl\u00e4ne der Mitgliedstaaten an dem Ziel\neiner ethischen, nachhaltigen und klimaneutralen Landwirtschaft orientieren. <\/p><p><a href=\"https:\/\/www.euractiv.de\/section\/landwirtschaft-und-ernahrung\/linksdossier\/auf-dem-weg-zur-gemeinsamen-agrarpolitik-nach-2020-2\/\">ExpertInnen\nf\u00fcr Agrarpolitik kritisieren<\/a>, dass die Mitgliedstaaten im Vorschlag der\nKommission lediglich dazu verpflichtet werden, dar\u00fcber zu berichten, wie viel\nsie im Rahmen bestimmter Initiativen investieren und wie viele LandwirtInnen\nsich f\u00fcr die Programme anmelden, nicht aber \u00fcber die tats\u00e4chlich erbrachten\nUmweltleistungen. Sie bef\u00fcrchten daher, dass durch die Flexibilisierung ein\n\u201eWettlauf nach unten\u201c entsteht. <\/p><p>Au\u00dferdem unterzeichneten j\u00fcngst <a href=\"https:\/\/www.eu-umweltbuero.at\/inhalt\/wissenschaftlerinnen-fordern-wesentliche-verbesserungen-fuer-kommende-gap\">3.600\nWissenschaftlerInnen<\/a> ein gemeinsames Schreiben an die EU-Kommission. In\ndiesem kommen sie zu dem Schluss, dass die derzeitige GAP Politik der\nbiologischen Vielfalt und dem Klima schadet. Sie f\u00fcgten dem Positionspapier\nau\u00dferdem einen Zehn-Schritte-Plan bei, der es erm\u00f6glichen soll, langfristige Ern\u00e4hrungssicherheit\nzu gew\u00e4hrleisten und die biologische Vielfalt sowie den Klimaschutz betreffen.\nDie WissenschafterInnen bef\u00fcrchten au\u00dferdem, dass die \u201eohnehin schon\nungen\u00fcgenden\u201c Umweltauflagen im Weiteren Reformprozess noch weiter\neingeschr\u00e4nkt werden k\u00f6nnten. <\/p><h2 class=\"wp-block-heading\">Viel Kritik \u2013 was nun?<\/h2><p>Die neuen Amtstr\u00e4gerInnen des EU-Parlaments begannen im Mai 2019 mit der \u00dcberarbeitung der vom Ausschuss f\u00fcr Landwirtschaft und l\u00e4ndliche Entwicklung (AGRI) in der vorangegangenen Wahlperiode angenommenen \u00c4nderungen der GAP Reform. Es ist mittlerweile absehbar, dass die Reform der GAP nicht bis Januar 2021 fertiggestellt wird. Der AGRI hat sich deshalb auf eine \u201e\u00dcbergangsverordnung\u201c geeinigt \u2013 die dringend ben\u00f6tigte GAP Reform k\u00f6nnte dadurch bis ins Jahr 2023 zur\u00fcckgestellt werden. Ein Grund f\u00fcr die Verz\u00f6gerung ist das Versagen der Mitgliedstaaten, sich auf einen langfristigen EU-Haushalt f\u00fcr die Zeit von 2021-2027 zu einigen, ohne dessen Festlegung eine Reform der GAP nicht m\u00f6glich ist.<\/p><div class=\"wp-block-image\"><figure class=\"alignright\"><img loading=\"lazy\" decoding=\"async\" width=\"239\" height=\"300\" src=\"https:\/\/www.love-you.eu\/wp-content\/uploads\/2020\/04\/Portrait-Anna-Marie-Peter-239x300.jpg\" alt=\"\" class=\"wp-image-1490\" srcset=\"https:\/\/www.love-you.eu\/wp-content\/uploads\/2020\/04\/Portrait-Anna-Marie-Peter-239x300.jpg 239w, https:\/\/www.love-you.eu\/wp-content\/uploads\/2020\/04\/Portrait-Anna-Marie-Peter-416x521.jpg 416w, https:\/\/www.love-you.eu\/wp-content\/uploads\/2020\/04\/Portrait-Anna-Marie-Peter-485x608.jpg 485w, https:\/\/www.love-you.eu\/wp-content\/uploads\/2020\/04\/Portrait-Anna-Marie-Peter.jpg 541w\" sizes=\"auto, (max-width: 239px) 100vw, 239px\" \/><\/figure><\/div><pre class=\"wp-block-verse\"><strong>Anna-Marie Peter B.A.<\/strong><br>studierte in Regensburg Politikwissenschaft, Volkswirtschaftslehre und Philosophie. Seit Dezember 2019 ist sie Teil des Shifting Values-Teams in Wien. <\/pre><p><\/p>","protected":false},"excerpt":{"rendered":"<p>Landwirtschaft soll Bestandteil der europ\u00e4ischen Klimapolitik werden<\/p>\n","protected":false},"author":11,"featured_media":1628,"comment_status":"open","ping_status":"open","sticky":false,"template":"","format":"standard","meta":{"mc4wp_mailchimp_campaign":[],"footnotes":""},"categories":[215],"tags":[226,223,213,224,125],"class_list":["post-1602","post","type-post","status-publish","format-standard","has-post-thumbnail","hentry","category-fakten","tag-farm2fork","tag-gap","tag-green-deal","tag-landwirtschaft","tag-umwelt"],"yoast_head":"<!-- This site is optimized with the Yoast SEO plugin v25.2 - https:\/\/yoast.com\/wordpress\/plugins\/seo\/ -->\n<title>Kurs\u00e4nderung der EU-Agrarpolitik? - #loveyouEU<\/title>\n<meta name=\"description\" content=\"Die gemeinsame Agrarpolitik bestimmt den landwirtschaftlichen Kurs der EU. Wie zutr\u00e4glich ist sie Klima und Umwelt?\" \/>\n<meta name=\"robots\" content=\"index, follow, max-snippet:-1, max-image-preview:large, max-video-preview:-1\" \/>\n<link rel=\"canonical\" href=\"https:\/\/www.love-you.eu\/de\/post\/die-reform-der-gemeinsamen-agrarpolitik-der-eu\/\" \/>\n<meta property=\"og:locale\" content=\"de_DE\" \/>\n<meta property=\"og:type\" content=\"article\" \/>\n<meta property=\"og:title\" content=\"Kurs\u00e4nderung der EU-Agrarpolitik? - #loveyouEU\" \/>\n<meta property=\"og:description\" content=\"Die gemeinsame Agrarpolitik bestimmt den landwirtschaftlichen Kurs der EU. Wie zutr\u00e4glich ist sie Klima und Umwelt?\" \/>\n<meta property=\"og:url\" content=\"https:\/\/www.love-you.eu\/de\/post\/die-reform-der-gemeinsamen-agrarpolitik-der-eu\/\" \/>\n<meta property=\"og:site_name\" content=\"#loveyouEU\" \/>\n<meta property=\"article:publisher\" content=\"https:\/\/www.facebook.com\/embodyeurope\/\" \/>\n<meta property=\"article:published_time\" content=\"2020-05-12T13:33:11+00:00\" \/>\n<meta property=\"article:modified_time\" content=\"2020-05-12T21:37:25+00:00\" \/>\n<meta property=\"og:image\" content=\"https:\/\/www.love-you.eu\/wp-content\/uploads\/2020\/05\/landwirtschaft-eu-gap.jpg\" \/>\n\t<meta property=\"og:image:width\" content=\"1200\" \/>\n\t<meta property=\"og:image:height\" content=\"628\" \/>\n\t<meta property=\"og:image:type\" content=\"image\/jpeg\" \/>\n<meta name=\"author\" content=\"Melanie Gradik\" \/>\n<meta name=\"twitter:card\" content=\"summary_large_image\" \/>\n<meta name=\"twitter:creator\" content=\"@loveyou_eu\" \/>\n<meta name=\"twitter:site\" content=\"@loveyou_eu\" \/>\n<meta name=\"twitter:label1\" content=\"Written by\" \/>\n\t<meta name=\"twitter:data1\" content=\"Melanie Gradik\" \/>\n\t<meta name=\"twitter:label2\" content=\"Est. reading time\" \/>\n\t<meta name=\"twitter:data2\" content=\"4 minutes\" \/>\n<script type=\"application\/ld+json\" class=\"yoast-schema-graph\">{\"@context\":\"https:\/\/schema.org\",\"@graph\":[{\"@type\":\"WebPage\",\"@id\":\"https:\/\/www.love-you.eu\/de\/post\/die-reform-der-gemeinsamen-agrarpolitik-der-eu\/\",\"url\":\"https:\/\/www.love-you.eu\/de\/post\/die-reform-der-gemeinsamen-agrarpolitik-der-eu\/\",\"name\":\"Kurs\u00e4nderung der EU-Agrarpolitik? - #loveyouEU\",\"isPartOf\":{\"@id\":\"https:\/\/www.love-you.eu\/de\/#website\"},\"primaryImageOfPage\":{\"@id\":\"https:\/\/www.love-you.eu\/de\/post\/die-reform-der-gemeinsamen-agrarpolitik-der-eu\/#primaryimage\"},\"image\":{\"@id\":\"https:\/\/www.love-you.eu\/de\/post\/die-reform-der-gemeinsamen-agrarpolitik-der-eu\/#primaryimage\"},\"thumbnailUrl\":\"https:\/\/www.love-you.eu\/wp-content\/uploads\/2020\/05\/landwirtschaft-eu-gap-450.jpg\",\"datePublished\":\"2020-05-12T13:33:11+00:00\",\"dateModified\":\"2020-05-12T21:37:25+00:00\",\"author\":{\"@id\":\"https:\/\/www.love-you.eu\/de\/#\/schema\/person\/627a920b1e21875e91303035ecc41cc0\"},\"description\":\"Die gemeinsame Agrarpolitik bestimmt den landwirtschaftlichen Kurs der EU. Wie zutr\u00e4glich ist sie Klima und Umwelt?\",\"breadcrumb\":{\"@id\":\"https:\/\/www.love-you.eu\/de\/post\/die-reform-der-gemeinsamen-agrarpolitik-der-eu\/#breadcrumb\"},\"inLanguage\":\"de-DE\",\"potentialAction\":[{\"@type\":\"ReadAction\",\"target\":[\"https:\/\/www.love-you.eu\/de\/post\/die-reform-der-gemeinsamen-agrarpolitik-der-eu\/\"]}]},{\"@type\":\"ImageObject\",\"inLanguage\":\"de-DE\",\"@id\":\"https:\/\/www.love-you.eu\/de\/post\/die-reform-der-gemeinsamen-agrarpolitik-der-eu\/#primaryimage\",\"url\":\"https:\/\/www.love-you.eu\/wp-content\/uploads\/2020\/05\/landwirtschaft-eu-gap-450.jpg\",\"contentUrl\":\"https:\/\/www.love-you.eu\/wp-content\/uploads\/2020\/05\/landwirtschaft-eu-gap-450.jpg\",\"width\":450,\"height\":665},{\"@type\":\"BreadcrumbList\",\"@id\":\"https:\/\/www.love-you.eu\/de\/post\/die-reform-der-gemeinsamen-agrarpolitik-der-eu\/#breadcrumb\",\"itemListElement\":[{\"@type\":\"ListItem\",\"position\":1,\"name\":\"Home\",\"item\":\"https:\/\/www.love-you.eu\/de\/\"},{\"@type\":\"ListItem\",\"position\":2,\"name\":\"Kurs\u00e4nderung der EU-Agrarpolitik?\"}]},{\"@type\":\"WebSite\",\"@id\":\"https:\/\/www.love-you.eu\/de\/#website\",\"url\":\"https:\/\/www.love-you.eu\/de\/\",\"name\":\"#loveyouEU\",\"description\":\"my future. my choice\",\"potentialAction\":[{\"@type\":\"SearchAction\",\"target\":{\"@type\":\"EntryPoint\",\"urlTemplate\":\"https:\/\/www.love-you.eu\/de\/?s={search_term_string}\"},\"query-input\":{\"@type\":\"PropertyValueSpecification\",\"valueRequired\":true,\"valueName\":\"search_term_string\"}}],\"inLanguage\":\"de-DE\"},{\"@type\":\"Person\",\"@id\":\"https:\/\/www.love-you.eu\/de\/#\/schema\/person\/627a920b1e21875e91303035ecc41cc0\",\"name\":\"Melanie Gradik\",\"image\":{\"@type\":\"ImageObject\",\"inLanguage\":\"de-DE\",\"@id\":\"https:\/\/www.love-you.eu\/de\/#\/schema\/person\/image\/\",\"url\":\"https:\/\/secure.gravatar.com\/avatar\/e5ce52b8265fec5085bb14028735cd99cafe03704996b5da877ff35018cdbe60?s=96&d=mm&r=g\",\"contentUrl\":\"https:\/\/secure.gravatar.com\/avatar\/e5ce52b8265fec5085bb14028735cd99cafe03704996b5da877ff35018cdbe60?s=96&d=mm&r=g\",\"caption\":\"Melanie Gradik\"}}]}<\/script>\n<!-- \/ Yoast SEO plugin. -->","yoast_head_json":{"title":"Kurs\u00e4nderung der EU-Agrarpolitik? - #loveyouEU","description":"Die gemeinsame Agrarpolitik bestimmt den landwirtschaftlichen Kurs der EU. Wie zutr\u00e4glich ist sie Klima und Umwelt?","robots":{"index":"index","follow":"follow","max-snippet":"max-snippet:-1","max-image-preview":"max-image-preview:large","max-video-preview":"max-video-preview:-1"},"canonical":"https:\/\/www.love-you.eu\/de\/post\/die-reform-der-gemeinsamen-agrarpolitik-der-eu\/","og_locale":"de_DE","og_type":"article","og_title":"Kurs\u00e4nderung der EU-Agrarpolitik? - #loveyouEU","og_description":"Die gemeinsame Agrarpolitik bestimmt den landwirtschaftlichen Kurs der EU. Wie zutr\u00e4glich ist sie Klima und Umwelt?","og_url":"https:\/\/www.love-you.eu\/de\/post\/die-reform-der-gemeinsamen-agrarpolitik-der-eu\/","og_site_name":"#loveyouEU","article_publisher":"https:\/\/www.facebook.com\/embodyeurope\/","article_published_time":"2020-05-12T13:33:11+00:00","article_modified_time":"2020-05-12T21:37:25+00:00","og_image":[{"width":1200,"height":628,"url":"https:\/\/www.love-you.eu\/wp-content\/uploads\/2020\/05\/landwirtschaft-eu-gap.jpg","type":"image\/jpeg"}],"author":"Melanie Gradik","twitter_card":"summary_large_image","twitter_creator":"@loveyou_eu","twitter_site":"@loveyou_eu","twitter_misc":{"Written by":"Melanie Gradik","Est. reading time":"4 minutes"},"schema":{"@context":"https:\/\/schema.org","@graph":[{"@type":"WebPage","@id":"https:\/\/www.love-you.eu\/de\/post\/die-reform-der-gemeinsamen-agrarpolitik-der-eu\/","url":"https:\/\/www.love-you.eu\/de\/post\/die-reform-der-gemeinsamen-agrarpolitik-der-eu\/","name":"Kurs\u00e4nderung der EU-Agrarpolitik? - #loveyouEU","isPartOf":{"@id":"https:\/\/www.love-you.eu\/de\/#website"},"primaryImageOfPage":{"@id":"https:\/\/www.love-you.eu\/de\/post\/die-reform-der-gemeinsamen-agrarpolitik-der-eu\/#primaryimage"},"image":{"@id":"https:\/\/www.love-you.eu\/de\/post\/die-reform-der-gemeinsamen-agrarpolitik-der-eu\/#primaryimage"},"thumbnailUrl":"https:\/\/www.love-you.eu\/wp-content\/uploads\/2020\/05\/landwirtschaft-eu-gap-450.jpg","datePublished":"2020-05-12T13:33:11+00:00","dateModified":"2020-05-12T21:37:25+00:00","author":{"@id":"https:\/\/www.love-you.eu\/de\/#\/schema\/person\/627a920b1e21875e91303035ecc41cc0"},"description":"Die gemeinsame Agrarpolitik bestimmt den landwirtschaftlichen Kurs der EU. Wie zutr\u00e4glich ist sie Klima und Umwelt?","breadcrumb":{"@id":"https:\/\/www.love-you.eu\/de\/post\/die-reform-der-gemeinsamen-agrarpolitik-der-eu\/#breadcrumb"},"inLanguage":"de-DE","potentialAction":[{"@type":"ReadAction","target":["https:\/\/www.love-you.eu\/de\/post\/die-reform-der-gemeinsamen-agrarpolitik-der-eu\/"]}]},{"@type":"ImageObject","inLanguage":"de-DE","@id":"https:\/\/www.love-you.eu\/de\/post\/die-reform-der-gemeinsamen-agrarpolitik-der-eu\/#primaryimage","url":"https:\/\/www.love-you.eu\/wp-content\/uploads\/2020\/05\/landwirtschaft-eu-gap-450.jpg","contentUrl":"https:\/\/www.love-you.eu\/wp-content\/uploads\/2020\/05\/landwirtschaft-eu-gap-450.jpg","width":450,"height":665},{"@type":"BreadcrumbList","@id":"https:\/\/www.love-you.eu\/de\/post\/die-reform-der-gemeinsamen-agrarpolitik-der-eu\/#breadcrumb","itemListElement":[{"@type":"ListItem","position":1,"name":"Home","item":"https:\/\/www.love-you.eu\/de\/"},{"@type":"ListItem","position":2,"name":"Kurs\u00e4nderung der EU-Agrarpolitik?"}]},{"@type":"WebSite","@id":"https:\/\/www.love-you.eu\/de\/#website","url":"https:\/\/www.love-you.eu\/de\/","name":"#loveyouEU","description":"my future. my choice","potentialAction":[{"@type":"SearchAction","target":{"@type":"EntryPoint","urlTemplate":"https:\/\/www.love-you.eu\/de\/?s={search_term_string}"},"query-input":{"@type":"PropertyValueSpecification","valueRequired":true,"valueName":"search_term_string"}}],"inLanguage":"de-DE"},{"@type":"Person","@id":"https:\/\/www.love-you.eu\/de\/#\/schema\/person\/627a920b1e21875e91303035ecc41cc0","name":"Melanie Gradik","image":{"@type":"ImageObject","inLanguage":"de-DE","@id":"https:\/\/www.love-you.eu\/de\/#\/schema\/person\/image\/","url":"https:\/\/secure.gravatar.com\/avatar\/e5ce52b8265fec5085bb14028735cd99cafe03704996b5da877ff35018cdbe60?s=96&d=mm&r=g","contentUrl":"https:\/\/secure.gravatar.com\/avatar\/e5ce52b8265fec5085bb14028735cd99cafe03704996b5da877ff35018cdbe60?s=96&d=mm&r=g","caption":"Melanie Gradik"}}]}},"_links":{"self":[{"href":"https:\/\/www.love-you.eu\/de\/wp-json\/wp\/v2\/posts\/1602","targetHints":{"allow":["GET"]}}],"collection":[{"href":"https:\/\/www.love-you.eu\/de\/wp-json\/wp\/v2\/posts"}],"about":[{"href":"https:\/\/www.love-you.eu\/de\/wp-json\/wp\/v2\/types\/post"}],"author":[{"embeddable":true,"href":"https:\/\/www.love-you.eu\/de\/wp-json\/wp\/v2\/users\/11"}],"replies":[{"embeddable":true,"href":"https:\/\/www.love-you.eu\/de\/wp-json\/wp\/v2\/comments?post=1602"}],"version-history":[{"count":4,"href":"https:\/\/www.love-you.eu\/de\/wp-json\/wp\/v2\/posts\/1602\/revisions"}],"predecessor-version":[{"id":1632,"href":"https:\/\/www.love-you.eu\/de\/wp-json\/wp\/v2\/posts\/1602\/revisions\/1632"}],"wp:featuredmedia":[{"embeddable":true,"href":"https:\/\/www.love-you.eu\/de\/wp-json\/wp\/v2\/media\/1628"}],"wp:attachment":[{"href":"https:\/\/www.love-you.eu\/de\/wp-json\/wp\/v2\/media?parent=1602"}],"wp:term":[{"taxonomy":"category","embeddable":true,"href":"https:\/\/www.love-you.eu\/de\/wp-json\/wp\/v2\/categories?post=1602"},{"taxonomy":"post_tag","embeddable":true,"href":"https:\/\/www.love-you.eu\/de\/wp-json\/wp\/v2\/tags?post=1602"}],"curies":[{"name":"wp","href":"https:\/\/api.w.org\/{rel}","templated":true}]}}