{"id":1354,"date":"2019-11-21T12:05:19","date_gmt":"2019-11-21T12:05:19","guid":{"rendered":"https:\/\/www.love-you.eu\/?p=1354"},"modified":"2020-03-20T22:49:56","modified_gmt":"2020-03-20T22:49:56","slug":"mehr-als-deutsch-europaeisch","status":"publish","type":"post","link":"https:\/\/www.love-you.eu\/de\/post\/mehr-als-deutsch-europaeisch\/","title":{"rendered":"\u201eIch f\u00fchle mich mehr als nur deutsch, n\u00e4mlich europ\u00e4isch.\u201c"},"content":{"rendered":"<h2 class=\"wp-block-heading\">Was hei\u00dft das nun genau? <\/h2><p>Ich kann mich nicht nur mit der deutschen Kultur und Lebensweise\nidentifizieren, sondern auch mit der franz\u00f6sischen und der spanischen und\nvielen weiteren, denn f\u00fcr mich gab und gibt es keine reine deutsche oder\nfranz\u00f6sische Kultur.<\/p><p>Die Geschichte der Menschheit war schon immer von Expansionen,\nEroberungen, Vermischung der Sprachen, Kulturen und Lebensweisen gepr\u00e4gt. Eine\nvollkommene Abgrenzung der verschiedenen V\u00f6lker beziehungsweise Kulturen gab es\nmeiner Meinung nie. <\/p><p>Heutzutage werden diese Vermischung und der Austausch im weitgehend friedlichen Sinne fortgef\u00fchrt und gef\u00f6rdert. Zum einen durch Institutionen wie die Europ\u00e4ische Union und zum anderen durch technischen und digitalen Fortschritt. Manche sprechen unter diesem Aspekt von einer Homogenisierung der Kulturen und den Verlust der Heterogenit\u00e4t, aber ich bezweifle stark, dass wir alle irgendwann einmal einer \u201eEinheitskultur angeh\u00f6ren\u201c, alleine schon dadurch, dass sich die Lebensstandards, Klimabedingungen, pers\u00f6nliche Hintergr\u00fcnde und andere Einflussfaktoren zwischen verschiedenen Regionen und L\u00e4ndern erheblich unterscheiden.<\/p><!--more--><figure class=\"wp-block-image\"><a href=\"https:\/\/www.love-you.eu\/item\/handscripted-v-neck-raw-edge-shirt-white\/\" target=\"_blank\" rel=\"noreferrer noopener\"><img loading=\"lazy\" decoding=\"async\" width=\"1024\" height=\"682\" src=\"https:\/\/www.love-you.eu\/wp-content\/uploads\/2019\/11\/Mara-Grimminger-loveyouEU-1024x682.jpg\" alt=\"Mara mit einem loveyouEU-Shirt\" class=\"wp-image-1355\" srcset=\"https:\/\/www.love-you.eu\/wp-content\/uploads\/2019\/11\/Mara-Grimminger-loveyouEU-1024x682.jpg 1024w, https:\/\/www.love-you.eu\/wp-content\/uploads\/2019\/11\/Mara-Grimminger-loveyouEU-300x200.jpg 300w, https:\/\/www.love-you.eu\/wp-content\/uploads\/2019\/11\/Mara-Grimminger-loveyouEU-768x512.jpg 768w, https:\/\/www.love-you.eu\/wp-content\/uploads\/2019\/11\/Mara-Grimminger-loveyouEU-416x277.jpg 416w, https:\/\/www.love-you.eu\/wp-content\/uploads\/2019\/11\/Mara-Grimminger-loveyouEU-485x323.jpg 485w, https:\/\/www.love-you.eu\/wp-content\/uploads\/2019\/11\/Mara-Grimminger-loveyouEU.jpg 1280w\" sizes=\"auto, (max-width: 1024px) 100vw, 1024px\" \/><\/a><figcaption>Mara Grimminger \/\/ fotografiert von Marco K\u00f6rner und Werner Polwein<\/figcaption><\/figure><p>Eine weitere Frage stellt sich mir: Was ist denn \u00fcberhaupt der\nUnterschied zwischen zum Beispiel \u201edeutsch\u201c oder \u201efranz\u00f6sisch\u201c? Wodurch wird\ndas Ganze denn definiert? <\/p><p>Dadurch, dass Deutsche nur Bier trinken und Wei\u00dfw\u00fcrste essen und\nFranzosen nur Wein und Baguette verkosten? M\u00f6chten wir uns wirklich durch\nStereotypen einer Kultur zugeh\u00f6rig f\u00fchlen? Oder steckt da mehr dahinter, als\nwir jemals beschreiben k\u00f6nnen, um Referenz auf Platon und seine Welt\/Wahrheit\nhinter unserer Welt\/Wahrheit zu nehmen.<\/p><p>Diese Fragen konnte und kann ich selbst nicht beantworten. <\/p><p>Selbst nach l\u00e4ngeren Aufenthalten im europ\u00e4ischen Ausland kann\nich weiterhin nicht den konkreten Unterschied zwischen den Kulturen benennen. <\/p><p>Dies schafft gleichzeitig Gemeinsamkeiten und Differenzen, welche\naber meiner Meinung nach &nbsp;nicht von einer\nKultur abh\u00e4ngig sind, sondern von anderen Faktoren, wie die Erfahrungen, der\npers\u00f6nliche Hintergrund, pers\u00f6nliche Charakteristika und weiteres. <\/p><p>Eine Pr\u00e4gung durch den Staat, in dem man aufw\u00e4chst, will ich nicht abstreiten, aber ich denke der Mensch definiert sich durch mehr als nur durch die Zugeh\u00f6rigkeit zu einer Nationalit\u00e4t oder einer Kultur.<\/p><p>Zudem, was ist \u00fcberhaupt Kultur? Ist der Sinn hinter der Abgrenzung der Kulturen beziehungsweise V\u00f6lker nicht nur eigentlich dem Nationalismus geschuldet? Warum sollten wir also heutzutage dies noch Aufrechterhalten? <\/p><p>Wir haben gr\u00f6\u00dfere Probleme, wie zum Beispiel den immer fortschreitenden\nKlimawandel oder die weiterhin bestehende Ungerechtigkeit in der Welt, um nur\nein paar Herausforderungen unserer Zeit aufzuz\u00e4hlen.<\/p><p>Das Sprichwort \u201egemeinsam ist man st\u00e4rker\u201c kommt nicht von\nirgendwo, denn auch schon fr\u00fcher wurden Eroberungen, Proteste oder Revolutionen\nnicht von alleine gewonnen, sondern nur mit der Unterst\u00fctzung von vielen.<\/p><p>In diesem Sinne sollten wir meiner Meinung nach das \u201eEinzelk\u00e4mpferdasein\u201c\nzur\u00fcckstellen und uns alle zusammenschlie\u00dfen, anstatt uns voneinander\nabzugrenzen. Nat\u00fcrlich bedeutet das dann auch immer Kompromisse einzugehen,\naber es ist es wert, wenn es um das Wohl aller geht.<\/p><p>Aber warum bezeichne ich mich nun als europ\u00e4isch und nicht als\nder Welt zugeh\u00f6rig?<\/p><p>Ich f\u00fchle mich nat\u00fcrlich auch der ganzen Welt zugeh\u00f6rig, aber durch die Klimabedingungen, der kontinentalen Verbindung, Institutionen wie die Europ\u00e4ische Union und den damit einhergehenden \u00e4hnlichen Lebensstandards in der EU eher europ\u00e4isch.<\/p><p>Aus diesen Gr\u00fcnden pl\u00e4diere ich gegen eine Abgrenzung zwischen den Kulturen, f\u00fcr das europ\u00e4ische Gef\u00fchl und f\u00fcr eine st\u00e4rkere Europ\u00e4ische Union mit mehr Zusammenhalt, in der die V\u00f6lker beziehungsweise L\u00e4nder in Vielfalt geeint sind und f\u00fcr ihre Werte einstehen.<\/p><div class=\"wp-block-image\"><figure class=\"alignright\"><a href=\"https:\/\/www.love-you.eu\/item\/my-future-my-choice-classic-shirt-f-ocean-depth\/\" target=\"_blank\" rel=\"noreferrer noopener\"><img loading=\"lazy\" decoding=\"async\" width=\"216\" height=\"300\" src=\"https:\/\/www.love-you.eu\/wp-content\/uploads\/2019\/11\/Mara-Grimminger-Profil-loveyouEU-216x300.jpg\" alt=\"\" class=\"wp-image-1357\" srcset=\"https:\/\/www.love-you.eu\/wp-content\/uploads\/2019\/11\/Mara-Grimminger-Profil-loveyouEU-216x300.jpg 216w, https:\/\/www.love-you.eu\/wp-content\/uploads\/2019\/11\/Mara-Grimminger-Profil-loveyouEU-416x578.jpg 416w, https:\/\/www.love-you.eu\/wp-content\/uploads\/2019\/11\/Mara-Grimminger-Profil-loveyouEU.jpg 450w\" sizes=\"auto, (max-width: 216px) 100vw, 216px\" \/><\/a><figcaption> Mara Grimminger \/\/ fotografiert von Marco K\u00f6rner und Werner Polwein <\/figcaption><\/figure><\/div><pre class=\"wp-block-verse\"><strong>Mara Grimminger, Aktivistin und Studentin<\/strong><br>Mitglied der <a href=\"https:\/\/www.jef.eu\/\" target=\"_blank\" rel=\"noreferrer noopener\" aria-label=\" (opens in a new tab)\">Jungen Europ\u00e4ischen F\u00f6deralisten - JEF<\/a> und Studentin des deutsch franz\u00f6sischen Studiengangs Politikwissenschaften und Zusatzstudium nachhaltige Entwicklung<\/pre>","protected":false},"excerpt":{"rendered":"<p>Mara beschreibt, warum sie sich europ\u00e4isch f\u00fchlt und sich f\u00fcr Europa einsetzt.<\/p>\n","protected":false},"author":1,"featured_media":1358,"comment_status":"open","ping_status":"open","sticky":false,"template":"","format":"standard","meta":{"mc4wp_mailchimp_campaign":[],"footnotes":""},"categories":[],"tags":[110,111,200,212],"class_list":["post-1354","post","type-post","status-publish","format-standard","has-post-thumbnail","hentry","tag-europa","tag-europaische-union","tag-jef","tag-soziales"],"yoast_head":"<!-- This site is optimized with the Yoast SEO plugin v25.2 - https:\/\/yoast.com\/wordpress\/plugins\/seo\/ -->\n<title>\u201eIch f\u00fchle mich mehr als nur deutsch, n\u00e4mlich europ\u00e4isch.\u201c - #loveyouEU<\/title>\n<meta name=\"description\" content=\"Mara Grimminger, Mitglied der Jungen Europ\u00e4ischen F\u00f6deralisten - JEF erkl\u00e4rt, warum sie f\u00fcr ein vereintes Europa eintritt.\" \/>\n<meta name=\"robots\" content=\"index, follow, max-snippet:-1, max-image-preview:large, max-video-preview:-1\" \/>\n<link rel=\"canonical\" href=\"https:\/\/www.love-you.eu\/de\/post\/mehr-als-deutsch-europaeisch\/\" \/>\n<meta property=\"og:locale\" content=\"de_DE\" \/>\n<meta property=\"og:type\" content=\"article\" \/>\n<meta property=\"og:title\" content=\"\u201eIch f\u00fchle mich mehr als nur deutsch, n\u00e4mlich europ\u00e4isch.\u201c - #loveyouEU\" \/>\n<meta property=\"og:description\" content=\"Mara Grimminger, Mitglied der Jungen Europ\u00e4ischen F\u00f6deralisten - JEF erkl\u00e4rt, warum sie f\u00fcr ein vereintes Europa eintritt.\" \/>\n<meta property=\"og:url\" content=\"https:\/\/www.love-you.eu\/de\/post\/mehr-als-deutsch-europaeisch\/\" \/>\n<meta property=\"og:site_name\" content=\"#loveyouEU\" \/>\n<meta property=\"article:publisher\" content=\"https:\/\/www.facebook.com\/embodyeurope\/\" \/>\n<meta property=\"article:published_time\" content=\"2019-11-21T12:05:19+00:00\" \/>\n<meta property=\"article:modified_time\" content=\"2020-03-20T22:49:56+00:00\" \/>\n<meta property=\"og:image\" content=\"https:\/\/www.love-you.eu\/wp-content\/uploads\/2019\/11\/nicht-nur-deutsch-europaeisch-loveyouEU.jpg\" \/>\n\t<meta property=\"og:image:width\" content=\"1024\" \/>\n\t<meta property=\"og:image:height\" content=\"512\" \/>\n\t<meta property=\"og:image:type\" content=\"image\/jpeg\" \/>\n<meta name=\"author\" content=\"Michael Voit\" \/>\n<meta name=\"twitter:card\" content=\"summary_large_image\" \/>\n<meta name=\"twitter:creator\" content=\"@loveyou_eu\" \/>\n<meta name=\"twitter:site\" content=\"@loveyou_eu\" \/>\n<meta name=\"twitter:label1\" content=\"Written by\" \/>\n\t<meta name=\"twitter:data1\" content=\"Michael Voit\" \/>\n\t<meta name=\"twitter:label2\" content=\"Est. reading time\" \/>\n\t<meta name=\"twitter:data2\" content=\"3 minutes\" \/>\n<script type=\"application\/ld+json\" class=\"yoast-schema-graph\">{\"@context\":\"https:\/\/schema.org\",\"@graph\":[{\"@type\":\"WebPage\",\"@id\":\"https:\/\/www.love-you.eu\/de\/post\/mehr-als-deutsch-europaeisch\/\",\"url\":\"https:\/\/www.love-you.eu\/de\/post\/mehr-als-deutsch-europaeisch\/\",\"name\":\"\u201eIch f\u00fchle mich mehr als nur deutsch, n\u00e4mlich europ\u00e4isch.\u201c - #loveyouEU\",\"isPartOf\":{\"@id\":\"https:\/\/www.love-you.eu\/de\/#website\"},\"primaryImageOfPage\":{\"@id\":\"https:\/\/www.love-you.eu\/de\/post\/mehr-als-deutsch-europaeisch\/#primaryimage\"},\"image\":{\"@id\":\"https:\/\/www.love-you.eu\/de\/post\/mehr-als-deutsch-europaeisch\/#primaryimage\"},\"thumbnailUrl\":\"https:\/\/www.love-you.eu\/wp-content\/uploads\/2019\/11\/Mara-Grimminger-Profil-loveyouEU.jpg\",\"datePublished\":\"2019-11-21T12:05:19+00:00\",\"dateModified\":\"2020-03-20T22:49:56+00:00\",\"author\":{\"@id\":\"https:\/\/www.love-you.eu\/de\/#\/schema\/person\/aa1987a6371ccc2f78f0557b081c91e6\"},\"description\":\"Mara Grimminger, Mitglied der Jungen Europ\u00e4ischen F\u00f6deralisten - JEF erkl\u00e4rt, warum sie f\u00fcr ein vereintes Europa eintritt.\",\"breadcrumb\":{\"@id\":\"https:\/\/www.love-you.eu\/de\/post\/mehr-als-deutsch-europaeisch\/#breadcrumb\"},\"inLanguage\":\"de-DE\",\"potentialAction\":[{\"@type\":\"ReadAction\",\"target\":[\"https:\/\/www.love-you.eu\/de\/post\/mehr-als-deutsch-europaeisch\/\"]}]},{\"@type\":\"ImageObject\",\"inLanguage\":\"de-DE\",\"@id\":\"https:\/\/www.love-you.eu\/de\/post\/mehr-als-deutsch-europaeisch\/#primaryimage\",\"url\":\"https:\/\/www.love-you.eu\/wp-content\/uploads\/2019\/11\/Mara-Grimminger-Profil-loveyouEU.jpg\",\"contentUrl\":\"https:\/\/www.love-you.eu\/wp-content\/uploads\/2019\/11\/Mara-Grimminger-Profil-loveyouEU.jpg\",\"width\":450,\"height\":625},{\"@type\":\"BreadcrumbList\",\"@id\":\"https:\/\/www.love-you.eu\/de\/post\/mehr-als-deutsch-europaeisch\/#breadcrumb\",\"itemListElement\":[{\"@type\":\"ListItem\",\"position\":1,\"name\":\"Home\",\"item\":\"https:\/\/www.love-you.eu\/de\/\"},{\"@type\":\"ListItem\",\"position\":2,\"name\":\"\u201eIch f\u00fchle mich mehr als nur deutsch, n\u00e4mlich europ\u00e4isch.\u201c\"}]},{\"@type\":\"WebSite\",\"@id\":\"https:\/\/www.love-you.eu\/de\/#website\",\"url\":\"https:\/\/www.love-you.eu\/de\/\",\"name\":\"#loveyouEU\",\"description\":\"my future. my choice\",\"potentialAction\":[{\"@type\":\"SearchAction\",\"target\":{\"@type\":\"EntryPoint\",\"urlTemplate\":\"https:\/\/www.love-you.eu\/de\/?s={search_term_string}\"},\"query-input\":{\"@type\":\"PropertyValueSpecification\",\"valueRequired\":true,\"valueName\":\"search_term_string\"}}],\"inLanguage\":\"de-DE\"},{\"@type\":\"Person\",\"@id\":\"https:\/\/www.love-you.eu\/de\/#\/schema\/person\/aa1987a6371ccc2f78f0557b081c91e6\",\"name\":\"Michael Voit\",\"image\":{\"@type\":\"ImageObject\",\"inLanguage\":\"de-DE\",\"@id\":\"https:\/\/www.love-you.eu\/de\/#\/schema\/person\/image\/\",\"url\":\"https:\/\/secure.gravatar.com\/avatar\/11a92e3bc343451658e8e3a5fd653b8390295c8b222ef6f583814ea1ca4d7b29?s=96&d=mm&r=g\",\"contentUrl\":\"https:\/\/secure.gravatar.com\/avatar\/11a92e3bc343451658e8e3a5fd653b8390295c8b222ef6f583814ea1ca4d7b29?s=96&d=mm&r=g\",\"caption\":\"Michael Voit\"}}]}<\/script>\n<!-- \/ Yoast SEO plugin. -->","yoast_head_json":{"title":"\u201eIch f\u00fchle mich mehr als nur deutsch, n\u00e4mlich europ\u00e4isch.\u201c - #loveyouEU","description":"Mara Grimminger, Mitglied der Jungen Europ\u00e4ischen F\u00f6deralisten - JEF erkl\u00e4rt, warum sie f\u00fcr ein vereintes Europa eintritt.","robots":{"index":"index","follow":"follow","max-snippet":"max-snippet:-1","max-image-preview":"max-image-preview:large","max-video-preview":"max-video-preview:-1"},"canonical":"https:\/\/www.love-you.eu\/de\/post\/mehr-als-deutsch-europaeisch\/","og_locale":"de_DE","og_type":"article","og_title":"\u201eIch f\u00fchle mich mehr als nur deutsch, n\u00e4mlich europ\u00e4isch.\u201c - #loveyouEU","og_description":"Mara Grimminger, Mitglied der Jungen Europ\u00e4ischen F\u00f6deralisten - JEF erkl\u00e4rt, warum sie f\u00fcr ein vereintes Europa eintritt.","og_url":"https:\/\/www.love-you.eu\/de\/post\/mehr-als-deutsch-europaeisch\/","og_site_name":"#loveyouEU","article_publisher":"https:\/\/www.facebook.com\/embodyeurope\/","article_published_time":"2019-11-21T12:05:19+00:00","article_modified_time":"2020-03-20T22:49:56+00:00","og_image":[{"width":1024,"height":512,"url":"https:\/\/www.love-you.eu\/wp-content\/uploads\/2019\/11\/nicht-nur-deutsch-europaeisch-loveyouEU.jpg","type":"image\/jpeg"}],"author":"Michael Voit","twitter_card":"summary_large_image","twitter_creator":"@loveyou_eu","twitter_site":"@loveyou_eu","twitter_misc":{"Written by":"Michael Voit","Est. reading time":"3 minutes"},"schema":{"@context":"https:\/\/schema.org","@graph":[{"@type":"WebPage","@id":"https:\/\/www.love-you.eu\/de\/post\/mehr-als-deutsch-europaeisch\/","url":"https:\/\/www.love-you.eu\/de\/post\/mehr-als-deutsch-europaeisch\/","name":"\u201eIch f\u00fchle mich mehr als nur deutsch, n\u00e4mlich europ\u00e4isch.\u201c - #loveyouEU","isPartOf":{"@id":"https:\/\/www.love-you.eu\/de\/#website"},"primaryImageOfPage":{"@id":"https:\/\/www.love-you.eu\/de\/post\/mehr-als-deutsch-europaeisch\/#primaryimage"},"image":{"@id":"https:\/\/www.love-you.eu\/de\/post\/mehr-als-deutsch-europaeisch\/#primaryimage"},"thumbnailUrl":"https:\/\/www.love-you.eu\/wp-content\/uploads\/2019\/11\/Mara-Grimminger-Profil-loveyouEU.jpg","datePublished":"2019-11-21T12:05:19+00:00","dateModified":"2020-03-20T22:49:56+00:00","author":{"@id":"https:\/\/www.love-you.eu\/de\/#\/schema\/person\/aa1987a6371ccc2f78f0557b081c91e6"},"description":"Mara Grimminger, Mitglied der Jungen Europ\u00e4ischen F\u00f6deralisten - JEF erkl\u00e4rt, warum sie f\u00fcr ein vereintes Europa eintritt.","breadcrumb":{"@id":"https:\/\/www.love-you.eu\/de\/post\/mehr-als-deutsch-europaeisch\/#breadcrumb"},"inLanguage":"de-DE","potentialAction":[{"@type":"ReadAction","target":["https:\/\/www.love-you.eu\/de\/post\/mehr-als-deutsch-europaeisch\/"]}]},{"@type":"ImageObject","inLanguage":"de-DE","@id":"https:\/\/www.love-you.eu\/de\/post\/mehr-als-deutsch-europaeisch\/#primaryimage","url":"https:\/\/www.love-you.eu\/wp-content\/uploads\/2019\/11\/Mara-Grimminger-Profil-loveyouEU.jpg","contentUrl":"https:\/\/www.love-you.eu\/wp-content\/uploads\/2019\/11\/Mara-Grimminger-Profil-loveyouEU.jpg","width":450,"height":625},{"@type":"BreadcrumbList","@id":"https:\/\/www.love-you.eu\/de\/post\/mehr-als-deutsch-europaeisch\/#breadcrumb","itemListElement":[{"@type":"ListItem","position":1,"name":"Home","item":"https:\/\/www.love-you.eu\/de\/"},{"@type":"ListItem","position":2,"name":"\u201eIch f\u00fchle mich mehr als nur deutsch, n\u00e4mlich europ\u00e4isch.\u201c"}]},{"@type":"WebSite","@id":"https:\/\/www.love-you.eu\/de\/#website","url":"https:\/\/www.love-you.eu\/de\/","name":"#loveyouEU","description":"my future. my choice","potentialAction":[{"@type":"SearchAction","target":{"@type":"EntryPoint","urlTemplate":"https:\/\/www.love-you.eu\/de\/?s={search_term_string}"},"query-input":{"@type":"PropertyValueSpecification","valueRequired":true,"valueName":"search_term_string"}}],"inLanguage":"de-DE"},{"@type":"Person","@id":"https:\/\/www.love-you.eu\/de\/#\/schema\/person\/aa1987a6371ccc2f78f0557b081c91e6","name":"Michael Voit","image":{"@type":"ImageObject","inLanguage":"de-DE","@id":"https:\/\/www.love-you.eu\/de\/#\/schema\/person\/image\/","url":"https:\/\/secure.gravatar.com\/avatar\/11a92e3bc343451658e8e3a5fd653b8390295c8b222ef6f583814ea1ca4d7b29?s=96&d=mm&r=g","contentUrl":"https:\/\/secure.gravatar.com\/avatar\/11a92e3bc343451658e8e3a5fd653b8390295c8b222ef6f583814ea1ca4d7b29?s=96&d=mm&r=g","caption":"Michael Voit"}}]}},"_links":{"self":[{"href":"https:\/\/www.love-you.eu\/de\/wp-json\/wp\/v2\/posts\/1354","targetHints":{"allow":["GET"]}}],"collection":[{"href":"https:\/\/www.love-you.eu\/de\/wp-json\/wp\/v2\/posts"}],"about":[{"href":"https:\/\/www.love-you.eu\/de\/wp-json\/wp\/v2\/types\/post"}],"author":[{"embeddable":true,"href":"https:\/\/www.love-you.eu\/de\/wp-json\/wp\/v2\/users\/1"}],"replies":[{"embeddable":true,"href":"https:\/\/www.love-you.eu\/de\/wp-json\/wp\/v2\/comments?post=1354"}],"version-history":[{"count":4,"href":"https:\/\/www.love-you.eu\/de\/wp-json\/wp\/v2\/posts\/1354\/revisions"}],"predecessor-version":[{"id":1365,"href":"https:\/\/www.love-you.eu\/de\/wp-json\/wp\/v2\/posts\/1354\/revisions\/1365"}],"wp:featuredmedia":[{"embeddable":true,"href":"https:\/\/www.love-you.eu\/de\/wp-json\/wp\/v2\/media\/1358"}],"wp:attachment":[{"href":"https:\/\/www.love-you.eu\/de\/wp-json\/wp\/v2\/media?parent=1354"}],"wp:term":[{"taxonomy":"category","embeddable":true,"href":"https:\/\/www.love-you.eu\/de\/wp-json\/wp\/v2\/categories?post=1354"},{"taxonomy":"post_tag","embeddable":true,"href":"https:\/\/www.love-you.eu\/de\/wp-json\/wp\/v2\/tags?post=1354"}],"curies":[{"name":"wp","href":"https:\/\/api.w.org\/{rel}","templated":true}]}}