{"id":1325,"date":"2019-10-18T10:44:39","date_gmt":"2019-10-18T09:44:39","guid":{"rendered":"https:\/\/www.love-you.eu\/post\/heimat-fern-der-heimat\/"},"modified":"2020-04-06T04:26:15","modified_gmt":"2020-04-06T03:26:15","slug":"heimat-fern-der-heimat","status":"publish","type":"post","link":"https:\/\/www.love-you.eu\/de\/post\/heimat-fern-der-heimat\/","title":{"rendered":"Heimat fern der Heimat"},"content":{"rendered":"<h2 class=\"wp-block-heading\">Engagieren sich junge Menschen f\u00fcr Integration? Wenn ja, wie, warum und wo?<\/h2><p>Das Engagement von jungen Menschen hat in Zeiten von \u201eFridays For Future\u201c eindeutig neuen Stellenwert bekommen. Nicht nur im Bereich Umweltschutz und Klimadebatte, sondern auch im Themenbereich Migration und Integration. <\/p><p>Wie kann man junge Menschen \u2013 laut EU-Definition bis 30 Jahre alt \u2013 in ihrem gro\u00dfartigen Engagement vielleicht unterst\u00fctzen, sei es durch Austausch, Vernetzung oder Weiterbildung? Dieser Frage ging in den vergangenen drei Jahren ein europ\u00e4isches Projektkonsortium nach, das sich auch zum Ziel gesetzt hatte, die inspirierenden Integrations-Beispiele junger Menschen publik zu machen, vor allem \u201eim lokalen Kontext\u201c, sei es also auf Gemeindebene, in l\u00e4ndlichen Regionen oder im Stadtviertel. Es wurde geforscht, recherchiert und entwickelt, Projekte wurden besucht und eingehend analysiert, die jungen InitiatorInnen interviewt. Aus jedem Partnerland wurden anschlie\u00dfend f\u00fcnf junge Menschen zu einer Trainingswoche nach Kroatien eingeladen, hier gab es informelles Lernen, Weiterbildung und jede Menge Vernetzungsm\u00f6glichkeiten mit Forschenden, Lehrenden und Migrations-ExpertInnen.<\/p><!--more--><h2 class=\"wp-block-heading\">Jugend ist f\u00fcr Integration<\/h2><p>All die zahlreichen Beispiele aus der Europ\u00e4ischen Union machten deutlich, dass sich viel mehr junge Menschen f\u00fcr Integration engagieren, als angenommen wird. Aufgrund der Jugend der InitiatorInnen ist die Sichtbarkeit in der \u00d6ffentlichkeit nicht immer gegeben. Die Abschlussveranstaltung in \u00d6sterreich, die in Kooperation mit dem Haus der Europ\u00e4ischen Union im Sommer stattfand, holte die Beispiele daher noch einmal mit aller Deutlichkeit vor den Vorhang. Wissenschaftlich unterst\u00fctzt wurde die Veranstaltung durch Dr. Judith Kohlenberger vom Institut f\u00fcr Sozialpolitik der Wirtschaftsuniversit\u00e4t Wien, die den Beitrag junger Menschen zur Demokratie und die Wahrnehmung der gesellschaftlichen Beteiligung von Jugendlichen veranschaulichte.<\/p><h2 class=\"wp-block-heading\">Warum engagieren sich junge Menschen zivilgesellschaftlich? <\/h2><p>Wenn Jugendliche sich engagieren, geht es ihnen vor allem um Sinnstiftung, um ideelle Gr\u00fcnde wie den Wunsch nach Gemeinschaft und Austausch mit Gleichgesinnten, aber auch darum, den Horizont zu erweitern sowie Erfahrungen, Sozial- und F\u00fchrungskompetenzen zu sammeln. Sie wollen nicht nur gegen, sondern auch f\u00fcr etwas stehen! Ihre Motivation f\u00fcr Engagement in der Integration entsteht aus pers\u00f6nlichen Erfahrungen und Betroffenheit, aus Dankbarkeit verbunden mit dem Gef\u00fchl, etwas an die Gemeinschaft zur\u00fcckgeben zu wollen, oder einfach aus Verantwortungsgef\u00fchl \u2013 das wurde im Projekt deutlich.<\/p><h2 class=\"wp-block-heading\">Inspirierende Beispiele<\/h2><p>Hier eine kleine Auswahl aus den beeindruckenden Beispielen f\u00fcr das Engagement junger Menschen f\u00fcr Integration \u2013 zum Nachdenken und Nachmachen!<\/p><h3 class=\"highlight wp-block-heading\">Toolbox. Flucht \u2013 Asyl \u2013 Migration<\/h3><div class=\"wp-block-image\"><figure class=\"aligncenter\"><img loading=\"lazy\" decoding=\"async\" width=\"800\" height=\"296\" src=\"https:\/\/www.love-you.eu\/wp-content\/uploads\/2019\/10\/mehralsnurfluechtling-bjv.png\" alt=\"\" class=\"wp-image-1317\" srcset=\"https:\/\/www.love-you.eu\/wp-content\/uploads\/2019\/10\/mehralsnurfluechtling-bjv.png 800w, https:\/\/www.love-you.eu\/wp-content\/uploads\/2019\/10\/mehralsnurfluechtling-bjv-300x111.png 300w, https:\/\/www.love-you.eu\/wp-content\/uploads\/2019\/10\/mehralsnurfluechtling-bjv-768x284.png 768w, https:\/\/www.love-you.eu\/wp-content\/uploads\/2019\/10\/mehralsnurfluechtling-bjv-416x154.png 416w, https:\/\/www.love-you.eu\/wp-content\/uploads\/2019\/10\/mehralsnurfluechtling-bjv-485x179.png 485w\" sizes=\"auto, (max-width: 800px) 100vw, 800px\" \/><\/figure><\/div><p>Die \u00d6sterreichische Bundesjugendvertretung hat unter der Leitung der Trainerin Elisabeth Hanzl in einem Leitfaden f\u00fcr non-formales Lernen zahlreiche Methoden und Anregungen zum Thema Flucht, Asyl und Migration verpackt. <a href=\"http:\/\/www.bjv.at\">www.bjv.at<\/a><\/p><h3 class=\"highlight wp-block-heading\">Sch\u00fcler treffen Fl\u00fcchtlinge<\/h3><p>Dieses Projekt in Deutschland war aus einer Sch\u00fclerinitiative des Europ\u00e4ischen Gymnasiums in Berlin entstanden, komplett ehrenamtlich geleitet von Jugendlichen und Sch\u00fclerInnen. Es wurde und wird weiterhin gemeinsam gekocht und die Stadt erkundet, vom Lieblingscaf\u00e9 bis zum Bundestag. <a href=\"http:\/\/www.stfberlin.de\">www.stfberlin.de<\/a><\/p><h3 class=\"highlight wp-block-heading\">Treffpunkt Maximilian-Park <\/h3><p>Eine B\u00fcrgerplattform in Belgien unterst\u00fctzte in mehreren St\u00e4dten Gefl\u00fcchtete gegen\u00fcber den Einwanderungsbeh\u00f6rden, organisierte in gro\u00dfem Stil \u00fcber Facebook private \u00dcbernachtungen f\u00fcr Notf\u00e4lle und bot Weiterbildungen an. <a href=\"http:\/\/www.bxlrefugees.be\">www.bxlrefugees.be<\/a><\/p><h3 class=\"highlight wp-block-heading\">They were, those people, a kind of solution<\/h3><p>Ein Kunst- und Kulturprojekt in Kroatien zur Wahrnehmung von Gefl\u00fcchteten und MigrantInnen, das wirtschaftliche Ver\u00e4nderungen zwischen Kapitalismus und Sozialismus aufzeigte. <a href=\"http:\/\/kindofsolution.org\">http:\/\/kindofsolution.org<\/a><\/p><h3 class=\"highlight wp-block-heading\">Chatterbox<\/h3><div class=\"wp-block-image\"><figure class=\"aligncenter\"><img decoding=\"async\" src=\"https:\/\/www.love-you.eu\/wp-content\/uploads\/2019\/10\/chatterbox.jpg\" alt=\"\" class=\"wp-image-1314\"\/><\/figure><\/div><p>Die Start-up-Firma in Gro\u00dfbritannien vermittelt Sprachunterricht, initiiert durch eine junge Gefl\u00fcchtete aus Kabul, die MigrantInnen als SprachtutorInnen besch\u00e4ftigt, f\u00fcr Arabisch, Chinesisch, Koreanisch, T\u00fcrkisch, Suaheli, Hindi, Urdu und mehr. <a href=\"http:\/\/www.wearechatterbox.org\">www.wearechatterbox.org<\/a><\/p><h3 class=\"highlight wp-block-heading\">Rugby opens borders<\/h3><p>Dieses Wiener Projekt f\u00f6rdert interkulturellen Austausch und Zusammenarbeit durch sportliche Herausforderung. Unabh\u00e4ngig von Gr\u00f6\u00dfe, Geschlecht oder Herkunft \u2013 jede und jeder ist im Rugbysport willkommen! <a href=\"http:\/\/www.rugbyopensborders.com\">www.rugbyopensborders.com<\/a><\/p><h3 class=\"wp-block-heading\">Noch mehr Beispiele?<\/h3><p>Mehr inspirierende Beispiele f\u00fcr das Engagement junger Menschen im Themenbereich Integration gibt es auf der Website des europ\u00e4ischen Projekts: <a href=\"http:\/\/www.hafh.eu\/\">www.hafh.eu<\/a><\/p><div class=\"wp-block-image\"><figure class=\"alignright is-resized\"><img loading=\"lazy\" decoding=\"async\" src=\"https:\/\/www.love-you.eu\/wp-content\/uploads\/2019\/10\/ChristianaWeidel-224x300.jpg\" alt=\"\" class=\"wp-image-1308\" width=\"162\" height=\"217\" srcset=\"https:\/\/www.love-you.eu\/wp-content\/uploads\/2019\/10\/ChristianaWeidel-224x300.jpg 224w, https:\/\/www.love-you.eu\/wp-content\/uploads\/2019\/10\/ChristianaWeidel.jpg 384w\" sizes=\"auto, (max-width: 162px) 100vw, 162px\" \/><\/figure><\/div>","protected":false},"excerpt":{"rendered":"<p>Entdecken Sie inspirierende Beispiele f\u00fcr Integration engagierter, junger Menschen.<\/p>\n","protected":false},"author":1,"featured_media":1309,"comment_status":"open","ping_status":"open","sticky":false,"template":"","format":"standard","meta":{"mc4wp_mailchimp_campaign":[],"footnotes":""},"categories":[89],"tags":[212],"class_list":["post-1325","post","type-post","status-publish","format-standard","has-post-thumbnail","hentry","category-meinungen","tag-soziales"],"yoast_head":"<!-- This site is optimized with the Yoast SEO plugin v25.2 - https:\/\/yoast.com\/wordpress\/plugins\/seo\/ -->\n<title>Heimat fern der Heimat - #loveyouEU<\/title>\n<meta name=\"description\" content=\"Junge Menschen wollen nicht nur gegen, sondern auch f\u00fcr etwas eintreten! Lies \u00fcber das Engagement junger Menschen f\u00fcr Integration.\" \/>\n<meta name=\"robots\" content=\"index, follow, max-snippet:-1, max-image-preview:large, max-video-preview:-1\" \/>\n<link rel=\"canonical\" href=\"https:\/\/www.love-you.eu\/de\/post\/heimat-fern-der-heimat\/\" \/>\n<meta property=\"og:locale\" content=\"de_DE\" \/>\n<meta property=\"og:type\" content=\"article\" \/>\n<meta property=\"og:title\" content=\"Heimat fern der Heimat - #loveyouEU\" \/>\n<meta property=\"og:description\" content=\"Junge Menschen wollen nicht nur gegen, sondern auch f\u00fcr etwas eintreten! Lies \u00fcber das Engagement junger Menschen f\u00fcr Integration.\" \/>\n<meta property=\"og:url\" content=\"https:\/\/www.love-you.eu\/de\/post\/heimat-fern-der-heimat\/\" \/>\n<meta property=\"og:site_name\" content=\"#loveyouEU\" \/>\n<meta property=\"article:publisher\" content=\"https:\/\/www.facebook.com\/embodyeurope\/\" \/>\n<meta property=\"article:published_time\" content=\"2019-10-18T09:44:39+00:00\" \/>\n<meta property=\"article:modified_time\" content=\"2020-04-06T03:26:15+00:00\" \/>\n<meta property=\"og:image\" content=\"https:\/\/www.love-you.eu\/wp-content\/uploads\/2019\/10\/heimat-fern-der-heimat.png\" \/>\n\t<meta property=\"og:image:width\" content=\"1200\" \/>\n\t<meta property=\"og:image:height\" content=\"628\" \/>\n\t<meta property=\"og:image:type\" content=\"image\/png\" \/>\n<meta name=\"author\" content=\"Michael Voit\" \/>\n<meta name=\"twitter:card\" content=\"summary_large_image\" \/>\n<meta name=\"twitter:creator\" content=\"@loveyou_eu\" \/>\n<meta name=\"twitter:site\" content=\"@loveyou_eu\" \/>\n<meta name=\"twitter:label1\" content=\"Written by\" \/>\n\t<meta name=\"twitter:data1\" content=\"Michael Voit\" \/>\n\t<meta name=\"twitter:label2\" content=\"Est. reading time\" \/>\n\t<meta name=\"twitter:data2\" content=\"3 minutes\" \/>\n<script type=\"application\/ld+json\" class=\"yoast-schema-graph\">{\"@context\":\"https:\/\/schema.org\",\"@graph\":[{\"@type\":\"WebPage\",\"@id\":\"https:\/\/www.love-you.eu\/de\/post\/heimat-fern-der-heimat\/\",\"url\":\"https:\/\/www.love-you.eu\/de\/post\/heimat-fern-der-heimat\/\",\"name\":\"Heimat fern der Heimat - #loveyouEU\",\"isPartOf\":{\"@id\":\"https:\/\/www.love-you.eu\/de\/#website\"},\"primaryImageOfPage\":{\"@id\":\"https:\/\/www.love-you.eu\/de\/post\/heimat-fern-der-heimat\/#primaryimage\"},\"image\":{\"@id\":\"https:\/\/www.love-you.eu\/de\/post\/heimat-fern-der-heimat\/#primaryimage\"},\"thumbnailUrl\":\"https:\/\/www.love-you.eu\/wp-content\/uploads\/2019\/10\/ChristianaWeidel.jpg\",\"datePublished\":\"2019-10-18T09:44:39+00:00\",\"dateModified\":\"2020-04-06T03:26:15+00:00\",\"author\":{\"@id\":\"https:\/\/www.love-you.eu\/de\/#\/schema\/person\/aa1987a6371ccc2f78f0557b081c91e6\"},\"description\":\"Junge Menschen wollen nicht nur gegen, sondern auch f\u00fcr etwas eintreten! Lies \u00fcber das Engagement junger Menschen f\u00fcr Integration.\",\"breadcrumb\":{\"@id\":\"https:\/\/www.love-you.eu\/de\/post\/heimat-fern-der-heimat\/#breadcrumb\"},\"inLanguage\":\"de-DE\",\"potentialAction\":[{\"@type\":\"ReadAction\",\"target\":[\"https:\/\/www.love-you.eu\/de\/post\/heimat-fern-der-heimat\/\"]}]},{\"@type\":\"ImageObject\",\"inLanguage\":\"de-DE\",\"@id\":\"https:\/\/www.love-you.eu\/de\/post\/heimat-fern-der-heimat\/#primaryimage\",\"url\":\"https:\/\/www.love-you.eu\/wp-content\/uploads\/2019\/10\/ChristianaWeidel.jpg\",\"contentUrl\":\"https:\/\/www.love-you.eu\/wp-content\/uploads\/2019\/10\/ChristianaWeidel.jpg\",\"width\":384,\"height\":514},{\"@type\":\"BreadcrumbList\",\"@id\":\"https:\/\/www.love-you.eu\/de\/post\/heimat-fern-der-heimat\/#breadcrumb\",\"itemListElement\":[{\"@type\":\"ListItem\",\"position\":1,\"name\":\"Home\",\"item\":\"https:\/\/www.love-you.eu\/de\/\"},{\"@type\":\"ListItem\",\"position\":2,\"name\":\"Heimat fern der Heimat\"}]},{\"@type\":\"WebSite\",\"@id\":\"https:\/\/www.love-you.eu\/de\/#website\",\"url\":\"https:\/\/www.love-you.eu\/de\/\",\"name\":\"#loveyouEU\",\"description\":\"my future. my choice\",\"potentialAction\":[{\"@type\":\"SearchAction\",\"target\":{\"@type\":\"EntryPoint\",\"urlTemplate\":\"https:\/\/www.love-you.eu\/de\/?s={search_term_string}\"},\"query-input\":{\"@type\":\"PropertyValueSpecification\",\"valueRequired\":true,\"valueName\":\"search_term_string\"}}],\"inLanguage\":\"de-DE\"},{\"@type\":\"Person\",\"@id\":\"https:\/\/www.love-you.eu\/de\/#\/schema\/person\/aa1987a6371ccc2f78f0557b081c91e6\",\"name\":\"Michael Voit\",\"image\":{\"@type\":\"ImageObject\",\"inLanguage\":\"de-DE\",\"@id\":\"https:\/\/www.love-you.eu\/de\/#\/schema\/person\/image\/\",\"url\":\"https:\/\/secure.gravatar.com\/avatar\/11a92e3bc343451658e8e3a5fd653b8390295c8b222ef6f583814ea1ca4d7b29?s=96&d=mm&r=g\",\"contentUrl\":\"https:\/\/secure.gravatar.com\/avatar\/11a92e3bc343451658e8e3a5fd653b8390295c8b222ef6f583814ea1ca4d7b29?s=96&d=mm&r=g\",\"caption\":\"Michael Voit\"}}]}<\/script>\n<!-- \/ Yoast SEO plugin. -->","yoast_head_json":{"title":"Heimat fern der Heimat - #loveyouEU","description":"Junge Menschen wollen nicht nur gegen, sondern auch f\u00fcr etwas eintreten! Lies \u00fcber das Engagement junger Menschen f\u00fcr Integration.","robots":{"index":"index","follow":"follow","max-snippet":"max-snippet:-1","max-image-preview":"max-image-preview:large","max-video-preview":"max-video-preview:-1"},"canonical":"https:\/\/www.love-you.eu\/de\/post\/heimat-fern-der-heimat\/","og_locale":"de_DE","og_type":"article","og_title":"Heimat fern der Heimat - #loveyouEU","og_description":"Junge Menschen wollen nicht nur gegen, sondern auch f\u00fcr etwas eintreten! Lies \u00fcber das Engagement junger Menschen f\u00fcr Integration.","og_url":"https:\/\/www.love-you.eu\/de\/post\/heimat-fern-der-heimat\/","og_site_name":"#loveyouEU","article_publisher":"https:\/\/www.facebook.com\/embodyeurope\/","article_published_time":"2019-10-18T09:44:39+00:00","article_modified_time":"2020-04-06T03:26:15+00:00","og_image":[{"width":1200,"height":628,"url":"https:\/\/www.love-you.eu\/wp-content\/uploads\/2019\/10\/heimat-fern-der-heimat.png","type":"image\/png"}],"author":"Michael Voit","twitter_card":"summary_large_image","twitter_creator":"@loveyou_eu","twitter_site":"@loveyou_eu","twitter_misc":{"Written by":"Michael Voit","Est. reading time":"3 minutes"},"schema":{"@context":"https:\/\/schema.org","@graph":[{"@type":"WebPage","@id":"https:\/\/www.love-you.eu\/de\/post\/heimat-fern-der-heimat\/","url":"https:\/\/www.love-you.eu\/de\/post\/heimat-fern-der-heimat\/","name":"Heimat fern der Heimat - #loveyouEU","isPartOf":{"@id":"https:\/\/www.love-you.eu\/de\/#website"},"primaryImageOfPage":{"@id":"https:\/\/www.love-you.eu\/de\/post\/heimat-fern-der-heimat\/#primaryimage"},"image":{"@id":"https:\/\/www.love-you.eu\/de\/post\/heimat-fern-der-heimat\/#primaryimage"},"thumbnailUrl":"https:\/\/www.love-you.eu\/wp-content\/uploads\/2019\/10\/ChristianaWeidel.jpg","datePublished":"2019-10-18T09:44:39+00:00","dateModified":"2020-04-06T03:26:15+00:00","author":{"@id":"https:\/\/www.love-you.eu\/de\/#\/schema\/person\/aa1987a6371ccc2f78f0557b081c91e6"},"description":"Junge Menschen wollen nicht nur gegen, sondern auch f\u00fcr etwas eintreten! Lies \u00fcber das Engagement junger Menschen f\u00fcr Integration.","breadcrumb":{"@id":"https:\/\/www.love-you.eu\/de\/post\/heimat-fern-der-heimat\/#breadcrumb"},"inLanguage":"de-DE","potentialAction":[{"@type":"ReadAction","target":["https:\/\/www.love-you.eu\/de\/post\/heimat-fern-der-heimat\/"]}]},{"@type":"ImageObject","inLanguage":"de-DE","@id":"https:\/\/www.love-you.eu\/de\/post\/heimat-fern-der-heimat\/#primaryimage","url":"https:\/\/www.love-you.eu\/wp-content\/uploads\/2019\/10\/ChristianaWeidel.jpg","contentUrl":"https:\/\/www.love-you.eu\/wp-content\/uploads\/2019\/10\/ChristianaWeidel.jpg","width":384,"height":514},{"@type":"BreadcrumbList","@id":"https:\/\/www.love-you.eu\/de\/post\/heimat-fern-der-heimat\/#breadcrumb","itemListElement":[{"@type":"ListItem","position":1,"name":"Home","item":"https:\/\/www.love-you.eu\/de\/"},{"@type":"ListItem","position":2,"name":"Heimat fern der Heimat"}]},{"@type":"WebSite","@id":"https:\/\/www.love-you.eu\/de\/#website","url":"https:\/\/www.love-you.eu\/de\/","name":"#loveyouEU","description":"my future. my choice","potentialAction":[{"@type":"SearchAction","target":{"@type":"EntryPoint","urlTemplate":"https:\/\/www.love-you.eu\/de\/?s={search_term_string}"},"query-input":{"@type":"PropertyValueSpecification","valueRequired":true,"valueName":"search_term_string"}}],"inLanguage":"de-DE"},{"@type":"Person","@id":"https:\/\/www.love-you.eu\/de\/#\/schema\/person\/aa1987a6371ccc2f78f0557b081c91e6","name":"Michael Voit","image":{"@type":"ImageObject","inLanguage":"de-DE","@id":"https:\/\/www.love-you.eu\/de\/#\/schema\/person\/image\/","url":"https:\/\/secure.gravatar.com\/avatar\/11a92e3bc343451658e8e3a5fd653b8390295c8b222ef6f583814ea1ca4d7b29?s=96&d=mm&r=g","contentUrl":"https:\/\/secure.gravatar.com\/avatar\/11a92e3bc343451658e8e3a5fd653b8390295c8b222ef6f583814ea1ca4d7b29?s=96&d=mm&r=g","caption":"Michael Voit"}}]}},"_links":{"self":[{"href":"https:\/\/www.love-you.eu\/de\/wp-json\/wp\/v2\/posts\/1325","targetHints":{"allow":["GET"]}}],"collection":[{"href":"https:\/\/www.love-you.eu\/de\/wp-json\/wp\/v2\/posts"}],"about":[{"href":"https:\/\/www.love-you.eu\/de\/wp-json\/wp\/v2\/types\/post"}],"author":[{"embeddable":true,"href":"https:\/\/www.love-you.eu\/de\/wp-json\/wp\/v2\/users\/1"}],"replies":[{"embeddable":true,"href":"https:\/\/www.love-you.eu\/de\/wp-json\/wp\/v2\/comments?post=1325"}],"version-history":[{"count":7,"href":"https:\/\/www.love-you.eu\/de\/wp-json\/wp\/v2\/posts\/1325\/revisions"}],"predecessor-version":[{"id":1470,"href":"https:\/\/www.love-you.eu\/de\/wp-json\/wp\/v2\/posts\/1325\/revisions\/1470"}],"wp:featuredmedia":[{"embeddable":true,"href":"https:\/\/www.love-you.eu\/de\/wp-json\/wp\/v2\/media\/1309"}],"wp:attachment":[{"href":"https:\/\/www.love-you.eu\/de\/wp-json\/wp\/v2\/media?parent=1325"}],"wp:term":[{"taxonomy":"category","embeddable":true,"href":"https:\/\/www.love-you.eu\/de\/wp-json\/wp\/v2\/categories?post=1325"},{"taxonomy":"post_tag","embeddable":true,"href":"https:\/\/www.love-you.eu\/de\/wp-json\/wp\/v2\/tags?post=1325"}],"curies":[{"name":"wp","href":"https:\/\/api.w.org\/{rel}","templated":true}]}}